{"id":8607,"date":"2021-02-15T12:34:52","date_gmt":"2021-02-15T11:34:52","guid":{"rendered":"http:\/\/agora.xtec.cat\/esc-teresabergada\/?p=8607"},"modified":"2021-02-15T12:34:41","modified_gmt":"2021-02-15T11:34:41","slug":"carnestoltes-2021","status":"publish","type":"post","link":"https:\/\/agora.xtec.cat\/esc-teresabergada\/portada\/carnestoltes-2021\/","title":{"rendered":"Carnestoltes 2021"},"content":{"rendered":"<p lang=\"ca-ES\" align=\"justify\"><a href=\"https:\/\/agora.xtec.cat\/esc-teresabergada\/wp-content\/uploads\/usu1533\/2021\/02\/IMG_20210212_081840_5842.jpg\"><img loading=\"lazy\" decoding=\"async\" class=\"wp-image-8649 aligncenter\" src=\"https:\/\/agora.xtec.cat\/esc-teresabergada\/wp-content\/uploads\/usu1533\/2021\/02\/IMG_20210212_081840_5842-1024x874.jpg\" alt=\"\" width=\"588\" height=\"502\" srcset=\"https:\/\/agora.xtec.cat\/esc-teresabergada\/wp-content\/uploads\/usu1533\/2021\/02\/IMG_20210212_081840_5842-1024x874.jpg 1024w, https:\/\/agora.xtec.cat\/esc-teresabergada\/wp-content\/uploads\/usu1533\/2021\/02\/IMG_20210212_081840_5842-300x256.jpg 300w, https:\/\/agora.xtec.cat\/esc-teresabergada\/wp-content\/uploads\/usu1533\/2021\/02\/IMG_20210212_081840_5842-768x655.jpg 768w\" sizes=\"auto, (max-width: 588px) 100vw, 588px\" \/><\/a><\/p>\n<p lang=\"ca-ES\" align=\"justify\">Tot i la letargia de l&#8217;hivern i les grises circumst\u00e0ncies que ens envolten, el curs i la vida segueixen avan\u00e7ant a pas ferm. Febrer ha trucat a la porta i ha dut amb ell la festa m\u00e9s animada, engrescadora i alegre de l&#8217;any que ens convida a viure, durant uns dies, de manera m\u00e9s informal i divertida.<\/p>\n<p lang=\"ca-ES\" align=\"justify\">El Carnestoltes, Rei dels Poca-Soltes, va arribar a l&#8217;escola el passat dia 4 disposat a fer-ne de les seves amb uns quants manaments ben esbojarrats. Els alumnes de 6\u00e8, encarregats d&#8217;escriure&#8217;ls en cartells d&#8217;all\u00f2 m\u00e9s creatius, han vingut a veure&#8217;ns cada dia ( sense passar de la porta, aix\u00f2 si ) fent-nos entrega del manament de l&#8217;endem\u00e0.<\/p>\n<p lang=\"ca-ES\" align=\"justify\">Com sabeu, el Rei Carnestoltes \u00e9s un trapella a qui li agrada molt la gresca i ens ha ordenat coses ben curioses :<\/p>\n<p lang=\"ca-ES\" style=\"text-align: center;\" align=\"justify\"><em>\u00a0(Cliqueu damunt de cada consigna per veure les fotografies del dia)\u00a0<\/em><\/p>\n<table class=\" aligncenter\" style=\"width: 739px; height: 142px;\">\n<tbody>\n<tr style=\"height: 158px;\">\n<td style=\"width: 182px; height: 142px;\"><a href=\"https:\/\/photos.app.goo.gl\/QUSeZfH89Qyygejc6\" target=\"_blank\" rel=\"noopener noreferrer\"><img loading=\"lazy\" decoding=\"async\" class=\"alignnone wp-image-8639\" src=\"https:\/\/agora.xtec.cat\/esc-teresabergada\/wp-content\/uploads\/usu1533\/2021\/02\/1-dilluns-1024x679.jpg\" alt=\"\" width=\"165\" height=\"110\" srcset=\"https:\/\/agora.xtec.cat\/esc-teresabergada\/wp-content\/uploads\/usu1533\/2021\/02\/1-dilluns-1024x679.jpg 1024w, https:\/\/agora.xtec.cat\/esc-teresabergada\/wp-content\/uploads\/usu1533\/2021\/02\/1-dilluns-300x199.jpg 300w, https:\/\/agora.xtec.cat\/esc-teresabergada\/wp-content\/uploads\/usu1533\/2021\/02\/1-dilluns-768x509.jpg 768w\" sizes=\"auto, (max-width: 165px) 100vw, 165px\" \/><\/a><\/td>\n<td style=\"width: 196px; height: 142px;\"><a href=\"https:\/\/photos.app.goo.gl\/7dMnkUu2UAKFusoi7\" target=\"_blank\" rel=\"noopener noreferrer\"><img loading=\"lazy\" decoding=\"async\" class=\"wp-image-8640 alignnone\" src=\"https:\/\/agora.xtec.cat\/esc-teresabergada\/wp-content\/uploads\/usu1533\/2021\/02\/2-dimarts-1024x647.jpg\" alt=\"\" width=\"173\" height=\"110\" srcset=\"https:\/\/agora.xtec.cat\/esc-teresabergada\/wp-content\/uploads\/usu1533\/2021\/02\/2-dimarts-1024x647.jpg 1024w, https:\/\/agora.xtec.cat\/esc-teresabergada\/wp-content\/uploads\/usu1533\/2021\/02\/2-dimarts-300x190.jpg 300w, https:\/\/agora.xtec.cat\/esc-teresabergada\/wp-content\/uploads\/usu1533\/2021\/02\/2-dimarts-768x485.jpg 768w\" sizes=\"auto, (max-width: 173px) 100vw, 173px\" \/><\/a><\/td>\n<td style=\"width: 175px; height: 142px;\"><a href=\"https:\/\/photos.app.goo.gl\/HAstP3cyK1kZinF76\" target=\"_blank\" rel=\"noopener noreferrer\"><img loading=\"lazy\" decoding=\"async\" class=\"wp-image-8641 aligncenter\" src=\"https:\/\/agora.xtec.cat\/esc-teresabergada\/wp-content\/uploads\/usu1533\/2021\/02\/3-dimecres-1024x712.jpg\" alt=\"\" width=\"166\" height=\"115\" srcset=\"https:\/\/agora.xtec.cat\/esc-teresabergada\/wp-content\/uploads\/usu1533\/2021\/02\/3-dimecres-1024x712.jpg 1024w, https:\/\/agora.xtec.cat\/esc-teresabergada\/wp-content\/uploads\/usu1533\/2021\/02\/3-dimecres-300x208.jpg 300w, https:\/\/agora.xtec.cat\/esc-teresabergada\/wp-content\/uploads\/usu1533\/2021\/02\/3-dimecres-768x534.jpg 768w\" sizes=\"auto, (max-width: 166px) 100vw, 166px\" \/><\/a><\/td>\n<td style=\"width: 174px; height: 142px;\"><a href=\"https:\/\/photos.app.goo.gl\/H4Jb2GLNBevU1VBXA\"><img loading=\"lazy\" decoding=\"async\" class=\"alignnone wp-image-8642 \" src=\"https:\/\/agora.xtec.cat\/esc-teresabergada\/wp-content\/uploads\/usu1533\/2021\/02\/4-dijous-1024x719.jpg\" alt=\"\" width=\"162\" height=\"114\" srcset=\"https:\/\/agora.xtec.cat\/esc-teresabergada\/wp-content\/uploads\/usu1533\/2021\/02\/4-dijous-1024x719.jpg 1024w, https:\/\/agora.xtec.cat\/esc-teresabergada\/wp-content\/uploads\/usu1533\/2021\/02\/4-dijous-300x211.jpg 300w, https:\/\/agora.xtec.cat\/esc-teresabergada\/wp-content\/uploads\/usu1533\/2021\/02\/4-dijous-768x539.jpg 768w\" sizes=\"auto, (max-width: 162px) 100vw, 162px\" \/><\/a><\/td>\n<\/tr>\n<\/tbody>\n<\/table>\n<p lang=\"ca-ES\" align=\"justify\">No obstant, a l&#8217;escola no hi ha repte impossible d&#8217;aconseguir i de dilluns a dijous hem vist per aules i passadissos cabells blaus, verds, perruques multicolors, pijames llisos, a ratlles, a quadres, sabates desaparellades, samarretes XXXL&#8230;que fa que puguem afirmar, sens dubte, que els quatre manaments han estat superats amb \u00e8xit !<\/p>\n<p lang=\"ca-ES\" align=\"justify\">I divendres? Divendres&#8230;<\/p>\n<p lang=\"ca-ES\" style=\"text-align: center;\" align=\"justify\"><em>(Cliqueu damunt la consigna per veure les fotografies del dia)<\/em><\/p>\n<p lang=\"ca-ES\" align=\"justify\"><a href=\"https:\/\/photos.app.goo.gl\/uiMJVhygdgmnZJeSA\" target=\"_blank\" rel=\"noopener noreferrer\"><img loading=\"lazy\" decoding=\"async\" class=\"aligncenter wp-image-8666\" src=\"https:\/\/agora.xtec.cat\/esc-teresabergada\/wp-content\/uploads\/usu1533\/2021\/02\/divendres-1024x743.jpg\" alt=\"\" width=\"239\" height=\"173\" srcset=\"https:\/\/agora.xtec.cat\/esc-teresabergada\/wp-content\/uploads\/usu1533\/2021\/02\/divendres-1024x743.jpg 1024w, https:\/\/agora.xtec.cat\/esc-teresabergada\/wp-content\/uploads\/usu1533\/2021\/02\/divendres-300x218.jpg 300w, https:\/\/agora.xtec.cat\/esc-teresabergada\/wp-content\/uploads\/usu1533\/2021\/02\/divendres-768x557.jpg 768w\" sizes=\"auto, (max-width: 239px) 100vw, 239px\" \/><\/a><\/p>\n<p lang=\"ca-ES\" align=\"justify\">La pluja ha fet acte de pres\u00e8ncia i no hem pogut sortir al pati a fer festa grossa. Tot i aix\u00ed, a l&#8217;ambient hi flotava bon humor i ganes de passar-ho b\u00e9 i cada bombolla ha celebrat el Carnaval dins la seva aula. Per torns, s&#8217;han fet mini rues fins al Hall, on cada grup s&#8217;ha fotografiat al costat del Rei Carnestoltes. La grisor del cel ha quedat desdibuixada pels colors llampants de disfresses de tot tipus i per la m\u00fasica alegre i marxosa que tronava pels passadissos. I \u00e9s que, al Teresa Bergad\u00e0 no hi ha res que ens aturi !<\/p>\n<p lang=\"ca-ES\" align=\"justify\">\n","protected":false},"excerpt":{"rendered":"<p><a href=\"https:\/\/agora.xtec.cat\/esc-teresabergada\/wp-content\/uploads\/usu1533\/2021\/02\/IMG_20210212_081840_5842.jpg\"><\/a><br \/>\nTot i la letargia de l&#8217;hivern i les grises circumst\u00e0ncies que ens envolten, el curs i la vida segueixen avan\u00e7ant a pas ferm. Febrer ha trucat a la porta i ha dut amb ell la festa m\u00e9s animada, engrescadora i alegre de l&#8217;any que&hellip;  <a href=\"https:\/\/agora.xtec.cat\/esc-teresabergada\/portada\/carnestoltes-2021\/\" title=\"Read Carnestoltes 2021\">Llegeix m\u00e9s\u00bb<\/a><\/p>\n","protected":false},"author":1,"featured_media":8649,"comment_status":"open","ping_status":"closed","sticky":false,"template":"","format":"standard","meta":{"_bbp_topic_count":0,"_bbp_reply_count":0,"_bbp_total_topic_count":0,"_bbp_total_reply_count":0,"_bbp_voice_count":0,"_bbp_anonymous_reply_count":0,"_bbp_topic_count_hidden":0,"_bbp_reply_count_hidden":0,"_bbp_forum_subforum_count":0,"footnotes":""},"categories":[4],"tags":[154,552,191,193],"class_list":["post-8607","post","type-post","status-publish","format-standard","has-post-thumbnail","hentry","category-portada","tag-carnestoltes","tag-festes-populars","tag-infantil","tag-primaria"],"post_mailing_queue_ids":[],"_links":{"self":[{"href":"https:\/\/agora.xtec.cat\/esc-teresabergada\/wp-json\/wp\/v2\/posts\/8607","targetHints":{"allow":["GET"]}}],"collection":[{"href":"https:\/\/agora.xtec.cat\/esc-teresabergada\/wp-json\/wp\/v2\/posts"}],"about":[{"href":"https:\/\/agora.xtec.cat\/esc-teresabergada\/wp-json\/wp\/v2\/types\/post"}],"author":[{"embeddable":true,"href":"https:\/\/agora.xtec.cat\/esc-teresabergada\/wp-json\/wp\/v2\/users\/1"}],"replies":[{"embeddable":true,"href":"https:\/\/agora.xtec.cat\/esc-teresabergada\/wp-json\/wp\/v2\/comments?post=8607"}],"version-history":[{"count":3,"href":"https:\/\/agora.xtec.cat\/esc-teresabergada\/wp-json\/wp\/v2\/posts\/8607\/revisions"}],"predecessor-version":[{"id":8714,"href":"https:\/\/agora.xtec.cat\/esc-teresabergada\/wp-json\/wp\/v2\/posts\/8607\/revisions\/8714"}],"wp:featuredmedia":[{"embeddable":true,"href":"https:\/\/agora.xtec.cat\/esc-teresabergada\/wp-json\/wp\/v2\/media\/8649"}],"wp:attachment":[{"href":"https:\/\/agora.xtec.cat\/esc-teresabergada\/wp-json\/wp\/v2\/media?parent=8607"}],"wp:term":[{"taxonomy":"category","embeddable":true,"href":"https:\/\/agora.xtec.cat\/esc-teresabergada\/wp-json\/wp\/v2\/categories?post=8607"},{"taxonomy":"post_tag","embeddable":true,"href":"https:\/\/agora.xtec.cat\/esc-teresabergada\/wp-json\/wp\/v2\/tags?post=8607"}],"curies":[{"name":"wp","href":"https:\/\/api.w.org\/{rel}","templated":true}]}}