{"id":8574,"date":"2021-02-09T11:06:32","date_gmt":"2021-02-09T10:06:32","guid":{"rendered":"http:\/\/agora.xtec.cat\/esc-teresabergada\/?p=8574"},"modified":"2022-07-11T10:47:29","modified_gmt":"2022-07-11T08:47:29","slug":"us-presentem-el-projecte-de-la-salut","status":"publish","type":"post","link":"https:\/\/agora.xtec.cat\/esc-teresabergada\/blocs-de-primaria\/3r\/us-presentem-el-projecte-de-la-salut\/","title":{"rendered":"US PRESENTEM EL PROJECTE DE LA SALUT!"},"content":{"rendered":"<h4>Aquest any, sentint-ho molt, no us hem pogut oferir una presentaci\u00f3 del projecte de manera presencial. No hem pogut gaudir d&#8217;una tarda plegats amb tots i totes vosaltres, les nostres fam\u00edlies!<\/h4>\n<h4>Per\u00f2 tot i aix\u00ed, nosaltres us hem volgut oferir igualment la nostra presentaci\u00f3 particular de tot el treball que hem fet del projecte de la salut <span style=\"color: #ff0000\">\ud83d\udc9a<\/span><\/h4>\n<h4>Ha sigut un projecte interessant, que ens ha motivat al llarg dels quatre mesos i ens ha ajudat a aprendre molt!\u00a0 Aqu\u00ed teniu el producte final, esperem que us agradi tan com a nosaltres! \ud83d\ude0d<\/h4>\n<h3>3-2-1&#8230;.ACCI\u00d3!\ud83d\udcfd<\/h3>\n<p>&nbsp;<\/p>\n<p><a href=\"https:\/\/youtu.be\/LI2h6uJmVM8\"><img loading=\"lazy\" decoding=\"async\" class=\"alignnone wp-image-8576\" src=\"https:\/\/agora.xtec.cat\/esc-teresabergada\/wp-content\/uploads\/usu1533\/2021\/02\/IMG_20201007_134559_097-1024x766.jpg\" alt=\"\" width=\"458\" height=\"342\" srcset=\"https:\/\/agora.xtec.cat\/esc-teresabergada\/wp-content\/uploads\/usu1533\/2021\/02\/IMG_20201007_134559_097-1024x766.jpg 1024w, https:\/\/agora.xtec.cat\/esc-teresabergada\/wp-content\/uploads\/usu1533\/2021\/02\/IMG_20201007_134559_097-300x224.jpg 300w, https:\/\/agora.xtec.cat\/esc-teresabergada\/wp-content\/uploads\/usu1533\/2021\/02\/IMG_20201007_134559_097-768x574.jpg 768w, https:\/\/agora.xtec.cat\/esc-teresabergada\/wp-content\/uploads\/usu1533\/2021\/02\/IMG_20201007_134559_097-200x150.jpg 200w\" sizes=\"auto, (max-width: 458px) 100vw, 458px\" \/><\/a><\/p>\n<h4><\/h4>\n","protected":false},"excerpt":{"rendered":"<p>BENVINGUTS A LA PRESENTACI\u00d3 DEL NOSTRE PROJECTE DE LA SALUT!&hellip;  <a href=\"https:\/\/agora.xtec.cat\/esc-teresabergada\/blocs-de-primaria\/3r\/us-presentem-el-projecte-de-la-salut\/\" title=\"Read US PRESENTEM EL PROJECTE DE LA SALUT!\">Llegeix m\u00e9s\u00bb<\/a><\/p>\n","protected":false},"author":28,"featured_media":8579,"comment_status":"open","ping_status":"closed","sticky":false,"template":"","format":"standard","meta":{"_bbp_topic_count":0,"_bbp_reply_count":0,"_bbp_total_topic_count":0,"_bbp_total_reply_count":0,"_bbp_voice_count":0,"_bbp_anonymous_reply_count":0,"_bbp_topic_count_hidden":0,"_bbp_reply_count_hidden":0,"_bbp_forum_subforum_count":0,"footnotes":""},"categories":[238],"tags":[],"class_list":["post-8574","post","type-post","status-publish","format-standard","has-post-thumbnail","hentry","category-3r"],"post_mailing_queue_ids":[],"_links":{"self":[{"href":"https:\/\/agora.xtec.cat\/esc-teresabergada\/wp-json\/wp\/v2\/posts\/8574","targetHints":{"allow":["GET"]}}],"collection":[{"href":"https:\/\/agora.xtec.cat\/esc-teresabergada\/wp-json\/wp\/v2\/posts"}],"about":[{"href":"https:\/\/agora.xtec.cat\/esc-teresabergada\/wp-json\/wp\/v2\/types\/post"}],"author":[{"embeddable":true,"href":"https:\/\/agora.xtec.cat\/esc-teresabergada\/wp-json\/wp\/v2\/users\/28"}],"replies":[{"embeddable":true,"href":"https:\/\/agora.xtec.cat\/esc-teresabergada\/wp-json\/wp\/v2\/comments?post=8574"}],"version-history":[{"count":4,"href":"https:\/\/agora.xtec.cat\/esc-teresabergada\/wp-json\/wp\/v2\/posts\/8574\/revisions"}],"predecessor-version":[{"id":8580,"href":"https:\/\/agora.xtec.cat\/esc-teresabergada\/wp-json\/wp\/v2\/posts\/8574\/revisions\/8580"}],"wp:featuredmedia":[{"embeddable":true,"href":"https:\/\/agora.xtec.cat\/esc-teresabergada\/wp-json\/wp\/v2\/media\/8579"}],"wp:attachment":[{"href":"https:\/\/agora.xtec.cat\/esc-teresabergada\/wp-json\/wp\/v2\/media?parent=8574"}],"wp:term":[{"taxonomy":"category","embeddable":true,"href":"https:\/\/agora.xtec.cat\/esc-teresabergada\/wp-json\/wp\/v2\/categories?post=8574"},{"taxonomy":"post_tag","embeddable":true,"href":"https:\/\/agora.xtec.cat\/esc-teresabergada\/wp-json\/wp\/v2\/tags?post=8574"}],"curies":[{"name":"wp","href":"https:\/\/api.w.org\/{rel}","templated":true}]}}