{"id":8565,"date":"2021-02-08T21:31:10","date_gmt":"2021-02-08T20:31:10","guid":{"rendered":"http:\/\/agora.xtec.cat\/esc-teresabergada\/?p=8565"},"modified":"2021-02-08T21:31:10","modified_gmt":"2021-02-08T20:31:10","slug":"la-linia-de-la-vida-del-biel-2","status":"publish","type":"post","link":"https:\/\/agora.xtec.cat\/esc-teresabergada\/infantil\/la-linia-de-la-vida-del-biel-2\/","title":{"rendered":"LA L\u00cdNIA DE LA VIDA DEL BIEL"},"content":{"rendered":"<p>&nbsp;<\/p>\n<p><a href=\"https:\/\/drive.google.com\/drive\/folders\/1HY9HC4_BRlnhe_INdJwltit1q1B0TKJx?usp=sharing\"><img loading=\"lazy\" decoding=\"async\" class=\"alignnone size-large wp-image-8560\" src=\"https:\/\/agora.xtec.cat\/esc-teresabergada\/wp-content\/uploads\/usu1533\/2021\/02\/Biel-1024x1024.png\" alt=\"\" width=\"1024\" height=\"1024\" \/><\/a><\/p>\n<p>Arrenquem la setmana amb la l\u00ednia de la vida del Biel, que ens ho ha explicat s\u00faper b\u00e9 i ens ha agradat molt.<\/p>\n<p>El Biel va n\u00e9ixer a l&#8217;agost del 2016 i durant el seu primer any va gaudir de diferents moments especials, els que m\u00e9s recorda s\u00f3n les vacances al castell de Girona i les seves sessions d&#8217;SPA. Qu\u00e8 relaxants s\u00f3n les bombolletes a l&#8217;aigua&#8230; Al 2017 es va disfressar per primera vegada de cranc, ens ha semblat molt divertit i que estava molt simp\u00e0tic. A l&#8217;estiu es va banyar a la platja i va fer la festa del primer aniversari. Al 2018, quan complia 2 anys, va pujar a un tractor s\u00faper gran i de color roig del seu pare, i li va encantar! I aquell any\u00a0 ja va viure amb molta emoci\u00f3 el Nadal. El seg\u00fcent any, el 2019, va ser un any de moltes emocions diverses. Va anar per primera vegada al cinema a mirar Toy Story 4 acompanyat d&#8217;una bossa de crispetes molt gran! Al setembre va comen\u00e7ar a l&#8217;escola, a p3, ja era tot un noiet. Aquell any per\u00f2 tamb\u00e9 va tenir un moment trist i dif\u00edcil el Biel, el seu padr\u00ed Ricard es va morir i, com ens ha explicat ell, es va convertir en una estrella que brilla molt. A casa el recorden i el troben molt a faltar. Al 2020 va ser tot una mica estrany, va arribar un confinament que ens va deixar tancats a casa, per\u00f2 el Biel va treballar molt a casa i feia totes les feinetes que li deien des de l&#8217;escola. A l&#8217;estiu va gaudir de la piscina de casa seva i per acabar ens tenia una not\u00edcia&#8230;ser\u00e0 el germ\u00e0 gran d&#8217;aqu\u00ed poquets dies!!! Tindr\u00e0 una germaneta que es dir\u00e0 Ada i li fa molta il\u00b7lusi\u00f3!!<\/p>\n<p>Per acabar hem ballat i cantat la can\u00e7\u00f3 que ell mateix ha escollit, la del Princep Ali.<\/p>\n<p>Moltes gr\u00e0cies Biel per compartir amb nosaltres la teva hist\u00f2ria de vida.<\/p>\n<p><em>Cliqueu a la imatge principal per veure m\u00e9s fotografies.<\/em><\/p>\n","protected":false},"excerpt":{"rendered":"<p>&nbsp;<br \/>\n<a href=\"https:\/\/drive.google.com\/drive\/folders\/1HY9HC4_BRlnhe_INdJwltit1q1B0TKJx?usp=sharing\"><\/a><br \/>\nArrenquem la setmana amb la l\u00ednia de la vida del Biel, que ens ho ha explicat s\u00faper b\u00e9 i ens ha agradat molt.<br \/>\nEl Biel va n\u00e9ixer a l&#8217;agost del 2016 i durant el seu primer any va gaudir de diferents moments especials, els que&hellip;  <a href=\"https:\/\/agora.xtec.cat\/esc-teresabergada\/infantil\/la-linia-de-la-vida-del-biel-2\/\" title=\"Read LA L\u00cdNIA DE LA VIDA DEL BIEL\">Llegeix m\u00e9s\u00bb<\/a><\/p>\n","protected":false},"author":1,"featured_media":0,"comment_status":"open","ping_status":"closed","sticky":false,"template":"","format":"standard","meta":{"_bbp_topic_count":0,"_bbp_reply_count":0,"_bbp_total_topic_count":0,"_bbp_total_reply_count":0,"_bbp_voice_count":0,"_bbp_anonymous_reply_count":0,"_bbp_topic_count_hidden":0,"_bbp_reply_count_hidden":0,"_bbp_forum_subforum_count":0,"footnotes":""},"categories":[236,2],"tags":[],"class_list":["post-8565","post","type-post","status-publish","format-standard","hentry","category-i4","category-infantil"],"post_mailing_queue_ids":[],"_links":{"self":[{"href":"https:\/\/agora.xtec.cat\/esc-teresabergada\/wp-json\/wp\/v2\/posts\/8565","targetHints":{"allow":["GET"]}}],"collection":[{"href":"https:\/\/agora.xtec.cat\/esc-teresabergada\/wp-json\/wp\/v2\/posts"}],"about":[{"href":"https:\/\/agora.xtec.cat\/esc-teresabergada\/wp-json\/wp\/v2\/types\/post"}],"author":[{"embeddable":true,"href":"https:\/\/agora.xtec.cat\/esc-teresabergada\/wp-json\/wp\/v2\/users\/1"}],"replies":[{"embeddable":true,"href":"https:\/\/agora.xtec.cat\/esc-teresabergada\/wp-json\/wp\/v2\/comments?post=8565"}],"version-history":[{"count":1,"href":"https:\/\/agora.xtec.cat\/esc-teresabergada\/wp-json\/wp\/v2\/posts\/8565\/revisions"}],"predecessor-version":[{"id":8566,"href":"https:\/\/agora.xtec.cat\/esc-teresabergada\/wp-json\/wp\/v2\/posts\/8565\/revisions\/8566"}],"wp:attachment":[{"href":"https:\/\/agora.xtec.cat\/esc-teresabergada\/wp-json\/wp\/v2\/media?parent=8565"}],"wp:term":[{"taxonomy":"category","embeddable":true,"href":"https:\/\/agora.xtec.cat\/esc-teresabergada\/wp-json\/wp\/v2\/categories?post=8565"},{"taxonomy":"post_tag","embeddable":true,"href":"https:\/\/agora.xtec.cat\/esc-teresabergada\/wp-json\/wp\/v2\/tags?post=8565"}],"curies":[{"name":"wp","href":"https:\/\/api.w.org\/{rel}","templated":true}]}}