{"id":8544,"date":"2021-02-04T16:42:46","date_gmt":"2021-02-04T15:42:46","guid":{"rendered":"http:\/\/agora.xtec.cat\/esc-teresabergada\/?p=8544"},"modified":"2021-02-04T16:42:46","modified_gmt":"2021-02-04T15:42:46","slug":"la-linia-de-la-vida-de-lemma","status":"publish","type":"post","link":"https:\/\/agora.xtec.cat\/esc-teresabergada\/infantil\/la-linia-de-la-vida-de-lemma\/","title":{"rendered":"LA L\u00cdNIA DE LA VIDA DE L&#8217;EMMA"},"content":{"rendered":"<p><a href=\"https:\/\/drive.google.com\/drive\/folders\/1rTcd8wtxNt-OHFCFaH0scSbYVIa3NiGm?usp=sharing\"><img loading=\"lazy\" decoding=\"async\" class=\"alignnone size-large wp-image-8545\" src=\"https:\/\/agora.xtec.cat\/esc-teresabergada\/wp-content\/uploads\/usu1533\/2021\/02\/70-1024x1024.png\" alt=\"\" width=\"1024\" height=\"1024\" \/><\/a><\/p>\n<p>Avui li ha tocat a l&#8217;Emma compartir amb tots els companys i companyes els seus esdeveniments m\u00e9s importants.<\/p>\n<p>L&#8217;Emma va n\u00e9ixer al setembre del 2016 i li agraden molt les fotos dels primers dies, quan era una recent nascuda, qu\u00e8 petitona i dolceta era.<\/p>\n<p>Al 2017 l\u2019Emma va agafar per primera vegada un avi\u00f3 per anar fins a Tenerife, on l\u2019arena de les platges \u00e9s negra! I hem descobert que hi ha un volc\u00e0 que es diu Teide.\u00a0 L\u2019Emma gaudeix molt de les estones que passa amb els padrins i fam\u00edlia, i aix\u00ed ens ho ha plasmat a la seva l\u00ednia de la vida. \u00a0L\u2019any que complia 2 anys va fer\u00a0 excursions i viatges a la platja i a la muntanya, \u00e9s tota una aventurera! Al 2019 va fer una s\u00faper festa amb un past\u00eds de la Frozen i va muntar a cavall! Ens ha fascinat! Del 2020 ens ha compartit un dia d\u2019excursi\u00f3 amb bicicletes pel riu, quan vam poder redescobrir la natura, i alguns moments m\u00e9s de l\u2019estiu com capbussades a la piscina i una festa de disfresses de princesa!<\/p>\n<p>Per acabar la presentaci\u00f3 hem ballat al ritme de la Shakira! Quina marxa tenim.<\/p>\n<p>Moltes gr\u00e0cies Emma per tot!!!<\/p>\n<p><em>Cliqueu a la imatge principal per veure m\u00e9s fotografies. <\/em><\/p>\n<p>&nbsp;<\/p>\n","protected":false},"excerpt":{"rendered":"<p><a href=\"https:\/\/drive.google.com\/drive\/folders\/1rTcd8wtxNt-OHFCFaH0scSbYVIa3NiGm?usp=sharing\"><\/a><br \/>\nAvui li ha tocat a l&#8217;Emma compartir amb tots els companys i companyes els seus esdeveniments m\u00e9s importants.<br \/>\nL&#8217;Emma va n\u00e9ixer al setembre del 2016 i li agraden molt les fotos dels primers dies, quan era una recent nascuda, qu\u00e8 petitona i dolceta era.<br \/>\nAl 2017&hellip;  <a href=\"https:\/\/agora.xtec.cat\/esc-teresabergada\/infantil\/la-linia-de-la-vida-de-lemma\/\" title=\"Read LA L\u00cdNIA DE LA VIDA DE L&#8217;EMMA\">Llegeix m\u00e9s\u00bb<\/a><\/p>\n","protected":false},"author":1,"featured_media":0,"comment_status":"open","ping_status":"closed","sticky":false,"template":"","format":"standard","meta":{"_bbp_topic_count":0,"_bbp_reply_count":0,"_bbp_total_topic_count":0,"_bbp_total_reply_count":0,"_bbp_voice_count":0,"_bbp_anonymous_reply_count":0,"_bbp_topic_count_hidden":0,"_bbp_reply_count_hidden":0,"_bbp_forum_subforum_count":0,"footnotes":""},"categories":[236,2],"tags":[],"class_list":["post-8544","post","type-post","status-publish","format-standard","hentry","category-i4","category-infantil"],"post_mailing_queue_ids":[],"_links":{"self":[{"href":"https:\/\/agora.xtec.cat\/esc-teresabergada\/wp-json\/wp\/v2\/posts\/8544","targetHints":{"allow":["GET"]}}],"collection":[{"href":"https:\/\/agora.xtec.cat\/esc-teresabergada\/wp-json\/wp\/v2\/posts"}],"about":[{"href":"https:\/\/agora.xtec.cat\/esc-teresabergada\/wp-json\/wp\/v2\/types\/post"}],"author":[{"embeddable":true,"href":"https:\/\/agora.xtec.cat\/esc-teresabergada\/wp-json\/wp\/v2\/users\/1"}],"replies":[{"embeddable":true,"href":"https:\/\/agora.xtec.cat\/esc-teresabergada\/wp-json\/wp\/v2\/comments?post=8544"}],"version-history":[{"count":1,"href":"https:\/\/agora.xtec.cat\/esc-teresabergada\/wp-json\/wp\/v2\/posts\/8544\/revisions"}],"predecessor-version":[{"id":8548,"href":"https:\/\/agora.xtec.cat\/esc-teresabergada\/wp-json\/wp\/v2\/posts\/8544\/revisions\/8548"}],"wp:attachment":[{"href":"https:\/\/agora.xtec.cat\/esc-teresabergada\/wp-json\/wp\/v2\/media?parent=8544"}],"wp:term":[{"taxonomy":"category","embeddable":true,"href":"https:\/\/agora.xtec.cat\/esc-teresabergada\/wp-json\/wp\/v2\/categories?post=8544"},{"taxonomy":"post_tag","embeddable":true,"href":"https:\/\/agora.xtec.cat\/esc-teresabergada\/wp-json\/wp\/v2\/tags?post=8544"}],"curies":[{"name":"wp","href":"https:\/\/api.w.org\/{rel}","templated":true}]}}