{"id":8531,"date":"2021-02-03T22:09:29","date_gmt":"2021-02-03T21:09:29","guid":{"rendered":"http:\/\/agora.xtec.cat\/esc-teresabergada\/?p=8531"},"modified":"2021-10-26T16:19:05","modified_gmt":"2021-10-26T14:19:05","slug":"la-capsa-de-vida-de-laina","status":"publish","type":"post","link":"https:\/\/agora.xtec.cat\/esc-teresabergada\/infantil\/i4\/la-capsa-de-vida-de-laina\/","title":{"rendered":"La capsa de vida de l&#8217;Aina"},"content":{"rendered":"<p><a href=\"https:\/\/drive.google.com\/drive\/folders\/1-1CGM8EZNz42OEkgAQ2rHk8nBTm-cZwK?usp=sharing\"><img loading=\"lazy\" decoding=\"async\" class=\"wp-image-8532 aligncenter\" src=\"https:\/\/agora.xtec.cat\/esc-teresabergada\/wp-content\/uploads\/usu1533\/2021\/02\/AINA-1024x819.jpg\" alt=\"\" width=\"645\" height=\"516\" \/><\/a><\/p>\n<p>L&#8217;Aina ens ha presentat la seva Capsa de vida. Es tracta d&#8217;una capsa cil\u00edndrica i per aix\u00f2, de moments, \u00e9s l&#8217;\u00fanica amb tapa rodona. Hi porta el nom i\u00a0 una foto molt simp\u00e0tica. Cada objecte porta el seu cartellet escrit amb tota la seva explicaci\u00f3.<\/p>\n<p>Ha esta divertit veure com treia la seva primera disfressa de sevillana i, de passada, se l&#8217;ha emprovat. La veritat \u00e9s que es notava que l&#8217;Aina ha crescut perqu\u00e8 li anava for\u00e7a just. Un vestit de color blau, ple de pics de color blanc, amb dues bossetes que ella sabia molt b\u00e9 com portar. Despr\u00e9s ens ha mostrat un llibre que li explicaven quan anava a dormir, un llibre que es podia estirar lleng\u00faetes, moure forats i el qu\u00e8 m\u00e9s li agradava que era tancar els ulls al nen de la portada.<\/p>\n<p>Al final ens ha tret un \u00e0lbum de fotografies des qu\u00e8 va n\u00e8ixer, fotos sola i amb fam\u00edlia, fotos esperant el naixement del Sergi, fotos que li encanta mirar i ensenyar als altres. Tota la presentaci\u00f3 ha estat molt agradable i dol\u00e7a per\u00f2 encara li faltava una cosa per mostra-nos\u00a0 i resulta que ho anava dins de la capsa. \u00c9s una cosa que no es pot veure per\u00f2 es pot escoltar i es pot sentir amb el cor. L&#8217;Aina i tota la classe hem pogut escoltar un \u00e0udio amb la can\u00e7\u00f3 que li va gravar la seva abuela Isabel, mentre la cantava com li canta a ella i que tant li agrada. Es tracta de la can\u00e7\u00f3 &#8220;Qu\u00e9 bonita es mi ni\u00f1a&#8221;, una can\u00e7\u00f3 de Manolo Escobar que, despr\u00e9s, tamb\u00e9 hem escoltat i fins i tot ballat.<\/p>\n<p>Molt agraits a la fam\u00edlia, fins i tot a la &#8220;abuela Isa&#8221;.<\/p>\n<p><em>Si voleu veure les fotos dels millors moments, cliqueu a la foto principal.<\/em><\/p>\n<p>&nbsp;<\/p>\n","protected":false},"excerpt":{"rendered":"<p><a href=\"https:\/\/drive.google.com\/drive\/folders\/1-1CGM8EZNz42OEkgAQ2rHk8nBTm-cZwK?usp=sharing\"><\/a><br \/>\nL&#8217;Aina ens ha presentat la seva Capsa de vida. Es tracta d&#8217;una capsa cil\u00edndrica i per aix\u00f2, de moments, \u00e9s l&#8217;\u00fanica amb tapa rodona. Hi porta el nom i\u00a0 una foto molt simp\u00e0tica. Cada objecte porta el seu cartellet escrit amb tota la seva&hellip;  <a href=\"https:\/\/agora.xtec.cat\/esc-teresabergada\/infantil\/i4\/la-capsa-de-vida-de-laina\/\" title=\"Read La capsa de vida de l&#8217;Aina\">Llegeix m\u00e9s\u00bb<\/a><\/p>\n","protected":false},"author":12,"featured_media":0,"comment_status":"open","ping_status":"closed","sticky":false,"template":"","format":"standard","meta":{"_bbp_topic_count":0,"_bbp_reply_count":0,"_bbp_total_topic_count":0,"_bbp_total_reply_count":0,"_bbp_voice_count":0,"_bbp_anonymous_reply_count":0,"_bbp_topic_count_hidden":0,"_bbp_reply_count_hidden":0,"_bbp_forum_subforum_count":0,"footnotes":""},"categories":[236],"tags":[317,121],"class_list":["post-8531","post","type-post","status-publish","format-standard","hentry","category-i4","tag-capses-de-vida","tag-educacio-infantil"],"post_mailing_queue_ids":[],"_links":{"self":[{"href":"https:\/\/agora.xtec.cat\/esc-teresabergada\/wp-json\/wp\/v2\/posts\/8531","targetHints":{"allow":["GET"]}}],"collection":[{"href":"https:\/\/agora.xtec.cat\/esc-teresabergada\/wp-json\/wp\/v2\/posts"}],"about":[{"href":"https:\/\/agora.xtec.cat\/esc-teresabergada\/wp-json\/wp\/v2\/types\/post"}],"author":[{"embeddable":true,"href":"https:\/\/agora.xtec.cat\/esc-teresabergada\/wp-json\/wp\/v2\/users\/12"}],"replies":[{"embeddable":true,"href":"https:\/\/agora.xtec.cat\/esc-teresabergada\/wp-json\/wp\/v2\/comments?post=8531"}],"version-history":[{"count":3,"href":"https:\/\/agora.xtec.cat\/esc-teresabergada\/wp-json\/wp\/v2\/posts\/8531\/revisions"}],"predecessor-version":[{"id":8536,"href":"https:\/\/agora.xtec.cat\/esc-teresabergada\/wp-json\/wp\/v2\/posts\/8531\/revisions\/8536"}],"wp:attachment":[{"href":"https:\/\/agora.xtec.cat\/esc-teresabergada\/wp-json\/wp\/v2\/media?parent=8531"}],"wp:term":[{"taxonomy":"category","embeddable":true,"href":"https:\/\/agora.xtec.cat\/esc-teresabergada\/wp-json\/wp\/v2\/categories?post=8531"},{"taxonomy":"post_tag","embeddable":true,"href":"https:\/\/agora.xtec.cat\/esc-teresabergada\/wp-json\/wp\/v2\/tags?post=8531"}],"curies":[{"name":"wp","href":"https:\/\/api.w.org\/{rel}","templated":true}]}}