{"id":8526,"date":"2021-02-03T12:12:48","date_gmt":"2021-02-03T11:12:48","guid":{"rendered":"http:\/\/agora.xtec.cat\/esc-teresabergada\/?p=8526"},"modified":"2021-02-03T12:12:48","modified_gmt":"2021-02-03T11:12:48","slug":"poema-de-lhivern","status":"publish","type":"post","link":"https:\/\/agora.xtec.cat\/esc-teresabergada\/infantil\/poema-de-lhivern\/","title":{"rendered":"POEMA DE L&#8217;HIVERN"},"content":{"rendered":"<p>A la classe de les aranyes se&#8217;ns dona molt b\u00e9 recitar poemes. Despr\u00e9s de la tardor i el Nadal, li ha tocat el torn al poema de l&#8217;hivern!<\/p>\n<p>Hem tingut un gener ben g\u00e8lid i, tot i que el febrer ens est\u00e0 regalant un sol de primavera, no ens confiem&#8230; que l&#8217;hivern encara \u00e9s ben viu!<br \/>\nSi cliqueu al ping\u00fc\u00ed ens podreu veure i escoltar, esperem que us agradi molt.<\/p>\n<p>&nbsp;<\/p>\n<p><strong>POEMA DE L&#8217;HIVERN\u00a0<\/strong><\/p>\n<p>Ja arriba l&#8217;hivern, tot ell va vestit<\/p>\n<p>de neu i de gla\u00e7, de boira i de nit<\/p>\n<p>Asseca les flors, i el fred fa venir;<\/p>\n<p>El nas m&#8217;ha pintat de color de vi<\/p>\n<p>Jo em poso l&#8217;abric, i vaig ben tapat;<\/p>\n<p>no vull esternuts, no vull constipats.<\/p>\n<p>J. Bofill, A. Puig, F. Serrat<\/p>\n<p>&nbsp;<\/p>\n<p><a href=\"https:\/\/drive.google.com\/file\/d\/1cJVgseEEZeZpLXOlYtn7s6OHHEe-liYS\/view?usp=sharing\"><img loading=\"lazy\" decoding=\"async\" class=\"alignnone size-large wp-image-8528\" src=\"https:\/\/agora.xtec.cat\/esc-teresabergada\/wp-content\/uploads\/usu1533\/2021\/02\/hivern-m\u00e0gic-1024x1024.png\" alt=\"\" width=\"1024\" height=\"1024\" \/><\/a><\/p>\n<p>&nbsp;<\/p>\n<p>&nbsp;<\/p>\n<p>&nbsp;<\/p>\n<p>&nbsp;<\/p>\n","protected":false},"excerpt":{"rendered":"<p>A la classe de les aranyes se&#8217;ns dona molt b\u00e9 recitar poemes. Despr\u00e9s de la tardor i el Nadal, li ha tocat el torn al poema de l&#8217;hivern!<br \/>\nHem tingut un gener ben g\u00e8lid i, tot i que el febrer ens est\u00e0 regalant un sol de&hellip;  <a href=\"https:\/\/agora.xtec.cat\/esc-teresabergada\/infantil\/poema-de-lhivern\/\" title=\"Read POEMA DE L&#8217;HIVERN\">Llegeix m\u00e9s\u00bb<\/a><\/p>\n","protected":false},"author":1,"featured_media":0,"comment_status":"open","ping_status":"closed","sticky":false,"template":"","format":"standard","meta":{"_bbp_topic_count":0,"_bbp_reply_count":0,"_bbp_total_topic_count":0,"_bbp_total_reply_count":0,"_bbp_voice_count":0,"_bbp_anonymous_reply_count":0,"_bbp_topic_count_hidden":0,"_bbp_reply_count_hidden":0,"_bbp_forum_subforum_count":0,"footnotes":""},"categories":[236,2],"tags":[],"class_list":["post-8526","post","type-post","status-publish","format-standard","hentry","category-i4","category-infantil"],"post_mailing_queue_ids":[],"_links":{"self":[{"href":"https:\/\/agora.xtec.cat\/esc-teresabergada\/wp-json\/wp\/v2\/posts\/8526","targetHints":{"allow":["GET"]}}],"collection":[{"href":"https:\/\/agora.xtec.cat\/esc-teresabergada\/wp-json\/wp\/v2\/posts"}],"about":[{"href":"https:\/\/agora.xtec.cat\/esc-teresabergada\/wp-json\/wp\/v2\/types\/post"}],"author":[{"embeddable":true,"href":"https:\/\/agora.xtec.cat\/esc-teresabergada\/wp-json\/wp\/v2\/users\/1"}],"replies":[{"embeddable":true,"href":"https:\/\/agora.xtec.cat\/esc-teresabergada\/wp-json\/wp\/v2\/comments?post=8526"}],"version-history":[{"count":1,"href":"https:\/\/agora.xtec.cat\/esc-teresabergada\/wp-json\/wp\/v2\/posts\/8526\/revisions"}],"predecessor-version":[{"id":8530,"href":"https:\/\/agora.xtec.cat\/esc-teresabergada\/wp-json\/wp\/v2\/posts\/8526\/revisions\/8530"}],"wp:attachment":[{"href":"https:\/\/agora.xtec.cat\/esc-teresabergada\/wp-json\/wp\/v2\/media?parent=8526"}],"wp:term":[{"taxonomy":"category","embeddable":true,"href":"https:\/\/agora.xtec.cat\/esc-teresabergada\/wp-json\/wp\/v2\/categories?post=8526"},{"taxonomy":"post_tag","embeddable":true,"href":"https:\/\/agora.xtec.cat\/esc-teresabergada\/wp-json\/wp\/v2\/tags?post=8526"}],"curies":[{"name":"wp","href":"https:\/\/api.w.org\/{rel}","templated":true}]}}