{"id":8487,"date":"2021-02-02T08:55:18","date_gmt":"2021-02-02T07:55:18","guid":{"rendered":"http:\/\/agora.xtec.cat\/esc-teresabergada\/?p=8487"},"modified":"2021-02-02T08:55:18","modified_gmt":"2021-02-02T07:55:18","slug":"la-linia-de-la-vida-de-lizan","status":"publish","type":"post","link":"https:\/\/agora.xtec.cat\/esc-teresabergada\/infantil\/la-linia-de-la-vida-de-lizan\/","title":{"rendered":"LA L\u00cdNIA DE LA VIDA DE L&#8217;IZAN"},"content":{"rendered":"<p><a href=\"https:\/\/drive.google.com\/drive\/folders\/1ijY3xmms7IcDF1swTWGckt-FvCuAbkDF?usp=sharing\"><img loading=\"lazy\" decoding=\"async\" class=\"alignnone size-large wp-image-8488\" src=\"https:\/\/agora.xtec.cat\/esc-teresabergada\/wp-content\/uploads\/usu1533\/2021\/02\/Izan-1024x1024.png\" alt=\"\" width=\"1024\" height=\"1024\" \/><\/a><\/p>\n<p>&nbsp;<\/p>\n<p>L&#8217;Izan ja ha compartit amb nosaltres la seva l\u00ednia de la vida i ens ha agradat molt con\u00e8ixer m\u00e9s coses sobre ell, ja que va arribar aquest curs a la classe de les aranyes.<\/p>\n<p>Per ell, el m\u00e9s important ha estat anar complint anys i celebrar-ho amb la fam\u00edlia. Va n\u00e9ixer a l&#8217;abril del 2016 i hem vist com cada any anava canviant i fent-se s\u00faper gran!! L&#8217;Izan vivia a Barcelona i al setembre del 2020 va venir cap Alguaire. Ens ha explicat que viure aqu\u00ed \u00e9s m\u00e9s tranquil i li agrada perqu\u00e8 est\u00e0 m\u00e9s a prop dels seus cosins, amb qui comparteix moltes estones.<\/p>\n<p>Per acabar ha escollit la can\u00e7\u00f3 del Rey Leon!!<\/p>\n<p>Moltes gr\u00e0cies Izan!<\/p>\n<p><em>Cliqueu la imatge principal per veure m\u00e9s fotografies.<\/em><\/p>\n","protected":false},"excerpt":{"rendered":"<p><a href=\"https:\/\/drive.google.com\/drive\/folders\/1ijY3xmms7IcDF1swTWGckt-FvCuAbkDF?usp=sharing\"><\/a><br \/>\n&nbsp;<br \/>\nL&#8217;Izan ja ha compartit amb nosaltres la seva l\u00ednia de la vida i ens ha agradat molt con\u00e8ixer m\u00e9s coses sobre ell, ja que va arribar aquest curs a la classe de les aranyes.<br \/>\nPer ell, el m\u00e9s important ha estat anar complint anys i&hellip;  <a href=\"https:\/\/agora.xtec.cat\/esc-teresabergada\/infantil\/la-linia-de-la-vida-de-lizan\/\" title=\"Read LA L\u00cdNIA DE LA VIDA DE L&#8217;IZAN\">Llegeix m\u00e9s\u00bb<\/a><\/p>\n","protected":false},"author":1,"featured_media":0,"comment_status":"open","ping_status":"closed","sticky":false,"template":"","format":"standard","meta":{"_bbp_topic_count":0,"_bbp_reply_count":0,"_bbp_total_topic_count":0,"_bbp_total_reply_count":0,"_bbp_voice_count":0,"_bbp_anonymous_reply_count":0,"_bbp_topic_count_hidden":0,"_bbp_reply_count_hidden":0,"_bbp_forum_subforum_count":0,"footnotes":""},"categories":[236,2],"tags":[],"class_list":["post-8487","post","type-post","status-publish","format-standard","hentry","category-i4","category-infantil"],"post_mailing_queue_ids":[],"_links":{"self":[{"href":"https:\/\/agora.xtec.cat\/esc-teresabergada\/wp-json\/wp\/v2\/posts\/8487","targetHints":{"allow":["GET"]}}],"collection":[{"href":"https:\/\/agora.xtec.cat\/esc-teresabergada\/wp-json\/wp\/v2\/posts"}],"about":[{"href":"https:\/\/agora.xtec.cat\/esc-teresabergada\/wp-json\/wp\/v2\/types\/post"}],"author":[{"embeddable":true,"href":"https:\/\/agora.xtec.cat\/esc-teresabergada\/wp-json\/wp\/v2\/users\/1"}],"replies":[{"embeddable":true,"href":"https:\/\/agora.xtec.cat\/esc-teresabergada\/wp-json\/wp\/v2\/comments?post=8487"}],"version-history":[{"count":1,"href":"https:\/\/agora.xtec.cat\/esc-teresabergada\/wp-json\/wp\/v2\/posts\/8487\/revisions"}],"predecessor-version":[{"id":8489,"href":"https:\/\/agora.xtec.cat\/esc-teresabergada\/wp-json\/wp\/v2\/posts\/8487\/revisions\/8489"}],"wp:attachment":[{"href":"https:\/\/agora.xtec.cat\/esc-teresabergada\/wp-json\/wp\/v2\/media?parent=8487"}],"wp:term":[{"taxonomy":"category","embeddable":true,"href":"https:\/\/agora.xtec.cat\/esc-teresabergada\/wp-json\/wp\/v2\/categories?post=8487"},{"taxonomy":"post_tag","embeddable":true,"href":"https:\/\/agora.xtec.cat\/esc-teresabergada\/wp-json\/wp\/v2\/tags?post=8487"}],"curies":[{"name":"wp","href":"https:\/\/api.w.org\/{rel}","templated":true}]}}