{"id":8427,"date":"2021-01-29T16:34:48","date_gmt":"2021-01-29T15:34:48","guid":{"rendered":"http:\/\/agora.xtec.cat\/esc-teresabergada\/?p=8427"},"modified":"2021-01-29T16:34:48","modified_gmt":"2021-01-29T15:34:48","slug":"la-linia-de-la-vida-de-laina","status":"publish","type":"post","link":"https:\/\/agora.xtec.cat\/esc-teresabergada\/infantil\/la-linia-de-la-vida-de-laina\/","title":{"rendered":"LA L\u00cdNIA DE LA VIDA DE L&#8217;AINA"},"content":{"rendered":"<p><a href=\"https:\/\/drive.google.com\/drive\/folders\/1obXH7vk7VA--1ngW-7KbzoM_Ph_HM4-E?usp=sharing\"><img loading=\"lazy\" decoding=\"async\" class=\"alignnone size-large wp-image-8428\" src=\"https:\/\/agora.xtec.cat\/esc-teresabergada\/wp-content\/uploads\/usu1533\/2021\/01\/Aina-1024x1024.png\" alt=\"\" width=\"1024\" height=\"1024\" \/><\/a><\/p>\n<p>Ahir l&#8217;Aina ens va explicar la seva hist\u00f2ria de vida. \u00c9s tan emocionant compartir amb tots els amics i amigues aquells esdeveniments que s\u00f3n importants per a nosaltres&#8230; ens encanta aquest projecte.<\/p>\n<p>L&#8217;Aina va n\u00e9ixer al setembre del 2016, com tots ben petitona, i de seguida va acabar l&#8217;any. L&#8217;any del seu primer aniversari, el de color verd, es va disfressar per primera vegada: de Mic. Va ser la primera vegada de moltes coses: de la llar d\u2019infants, de la platja, d\u2019excursions, \u00a0de festes d&#8217;aniversari&#8230;\u00a0 El 2018, de color taronja,\u00a0 la disfressa de l\u2019Aina va ser la caputxeta vermella, igual que la tem\u00e0tica del seu segon aniversari. Ull viu amb el llop! I va anar a Fran\u00e7a de vacances. L\u2019any 2019, el de color groc, l\u2019Aina es va disfressar de Peppa pig, per\u00f2 l\u2019aniversari va ser de la Minnie. Aquell estiu va anar al c\u00e0mping, que li encanta, i va coincidir amb el Quim! Qu\u00e8 divertit! Cada vegada \u00e9s m\u00e9s gran i ja va comen\u00e7ar P3 a l\u2019escola! Al 2020, l\u2019any de color lila, va celebrar carnestoltes de Buzz amb una carrossa amb molts amics i amigues! A l\u2019estiu va gaudir amb la fam\u00edlia de la caravana i les petites estones\u00a0 junts. Els 4 anys no van tenir festa tem\u00e0tica, per\u00f2 si un s\u00faper past\u00eds de xocolata que ens ha dit que estava DELICI\u00d3S! Al setembre va poder tornar a l\u2019escola i aqu\u00ed continua la seva l\u00ednia de la vida&#8230;<\/p>\n<p>Per acabar aquesta estoneta plegats l\u2019Aina volia ballar una can\u00e7\u00f3 de Txarango, aix\u00ed que hem posat la de \u201cUna lluna a l\u2019aigua\u201d i hem acabat la presentaci\u00f3 amb una\u00a0 forta abra\u00e7ada de grup!<\/p>\n<p>Moltes gr\u00e0cies Aina per tot el que ens has explicat!!<\/p>\n<p><em>Cliqueu la imatge principal per veure m\u00e9s fotografies<\/em><\/p>\n","protected":false},"excerpt":{"rendered":"<p><a href=\"https:\/\/drive.google.com\/drive\/folders\/1obXH7vk7VA--1ngW-7KbzoM_Ph_HM4-E?usp=sharing\"><\/a><br \/>\nAhir l&#8217;Aina ens va explicar la seva hist\u00f2ria de vida. \u00c9s tan emocionant compartir amb tots els amics i amigues aquells esdeveniments que s\u00f3n importants per a nosaltres&#8230; ens encanta aquest projecte.<br \/>\nL&#8217;Aina va n\u00e9ixer al setembre del 2016, com tots ben petitona, i de&hellip;  <a href=\"https:\/\/agora.xtec.cat\/esc-teresabergada\/infantil\/la-linia-de-la-vida-de-laina\/\" title=\"Read LA L\u00cdNIA DE LA VIDA DE L&#8217;AINA\">Llegeix m\u00e9s\u00bb<\/a><\/p>\n","protected":false},"author":1,"featured_media":0,"comment_status":"open","ping_status":"closed","sticky":false,"template":"","format":"standard","meta":{"_bbp_topic_count":0,"_bbp_reply_count":0,"_bbp_total_topic_count":0,"_bbp_total_reply_count":0,"_bbp_voice_count":0,"_bbp_anonymous_reply_count":0,"_bbp_topic_count_hidden":0,"_bbp_reply_count_hidden":0,"_bbp_forum_subforum_count":0,"footnotes":""},"categories":[236,2],"tags":[],"class_list":["post-8427","post","type-post","status-publish","format-standard","hentry","category-i4","category-infantil"],"post_mailing_queue_ids":[],"_links":{"self":[{"href":"https:\/\/agora.xtec.cat\/esc-teresabergada\/wp-json\/wp\/v2\/posts\/8427","targetHints":{"allow":["GET"]}}],"collection":[{"href":"https:\/\/agora.xtec.cat\/esc-teresabergada\/wp-json\/wp\/v2\/posts"}],"about":[{"href":"https:\/\/agora.xtec.cat\/esc-teresabergada\/wp-json\/wp\/v2\/types\/post"}],"author":[{"embeddable":true,"href":"https:\/\/agora.xtec.cat\/esc-teresabergada\/wp-json\/wp\/v2\/users\/1"}],"replies":[{"embeddable":true,"href":"https:\/\/agora.xtec.cat\/esc-teresabergada\/wp-json\/wp\/v2\/comments?post=8427"}],"version-history":[{"count":3,"href":"https:\/\/agora.xtec.cat\/esc-teresabergada\/wp-json\/wp\/v2\/posts\/8427\/revisions"}],"predecessor-version":[{"id":8439,"href":"https:\/\/agora.xtec.cat\/esc-teresabergada\/wp-json\/wp\/v2\/posts\/8427\/revisions\/8439"}],"wp:attachment":[{"href":"https:\/\/agora.xtec.cat\/esc-teresabergada\/wp-json\/wp\/v2\/media?parent=8427"}],"wp:term":[{"taxonomy":"category","embeddable":true,"href":"https:\/\/agora.xtec.cat\/esc-teresabergada\/wp-json\/wp\/v2\/categories?post=8427"},{"taxonomy":"post_tag","embeddable":true,"href":"https:\/\/agora.xtec.cat\/esc-teresabergada\/wp-json\/wp\/v2\/tags?post=8427"}],"curies":[{"name":"wp","href":"https:\/\/api.w.org\/{rel}","templated":true}]}}