{"id":8393,"date":"2021-01-28T08:04:14","date_gmt":"2021-01-28T07:04:14","guid":{"rendered":"http:\/\/agora.xtec.cat\/esc-teresabergada\/?p=8393"},"modified":"2021-01-28T08:30:44","modified_gmt":"2021-01-28T07:30:44","slug":"la-capsa-de-vida-del-magi","status":"publish","type":"post","link":"https:\/\/agora.xtec.cat\/esc-teresabergada\/infantil\/i3\/la-capsa-de-vida-del-magi\/","title":{"rendered":"La Capsa de vida del Mag\u00ed."},"content":{"rendered":"<p style=\"text-align: center\"><a href=\"https:\/\/drive.google.com\/drive\/folders\/1C8Q630qJ_XvRlgPQHdY6RcZzMT9B7B3h?usp=sharing\"><img loading=\"lazy\" decoding=\"async\" class=\"alignnone wp-image-8394\" src=\"https:\/\/agora.xtec.cat\/esc-teresabergada\/wp-content\/uploads\/usu1533\/2021\/01\/MAG\u00cd-1024x819.jpg\" alt=\"\" width=\"628\" height=\"502\" \/><\/a><\/p>\n<p>El Mag\u00ed ja ens ha presentat la seva Capsa de vida, \u00c9s una capsa que es nota que li agrada molt perqu\u00e8 t\u00e9 el nom ben gran i est\u00e0 plena de petits dinosaures per dins i per fora. A sota de la tapa, hi va voler posar la silueta de la seva m\u00e0 i en van caber tres, diu ell tot rialler. Des de casa ens van oferir un petit v\u00eddeo del contingut de la capsa i el vam visualitzar al final, per a repassar tot el qu\u00e8 ens havia explicat el Mag\u00ed.<\/p>\n<p>Ens va treure un conte de quan era molt petit, que li agradava molt\u00edssim perqu\u00e8 hi surten animals de granja que tenen la panxa toveta. De seguida va pr\u00e9mer les panxes per fer sonar el conte amb m\u00fasica diferent per cada animal. Van ser moments de parar l&#8217;orella molt atentament, doncs es notava que havia sonat molt i se sentia fluixet. Despr\u00e9s ens va treure la manteta que li posaven al llit i que tan li agradava, fineta i tamb\u00e9 toveta. Tot ho volia ensenyar d&#8217;aprop als companys i ho anava atansant a la rotllana.<\/p>\n<p>El Mag\u00ed va voler incloure el detall de bateig que \u00e9s un ninotet que,\u00a0 a m\u00e9s, va servir de col\u00b7laboraci\u00f3 a la causa de l&#8217;Associaci\u00f3 contra el c\u00e0cer.\u00a0 I, finalment, ens va ensenyar l&#8217;estrella de la capsa que alguns nens\u00a0 van con\u00e8ixer com l&#8217;Ovella Shaun. Era un peluix que sempre li havia agradat molt perqu\u00e8 tamb\u00e9 era\u00a0 suau i tova. Vam buscar per internet aquesta famosa ovella i la vam veure en acci\u00f3, la qual cosa va provocar unes fortes riallades als nens. Va ser una exposici\u00f3 for\u00e7a divertida, tendra i toveta, \u00e9s clar, com el mateix Mag\u00ed.<\/p>\n<p>Donem gr\u00e0cies a la fam\u00edlia per la col\u00b7laboraci\u00f3 i proporcionar-nos uns bons moments.<\/p>\n<p><em>Si voleu veure les imatges, cliqueu a la foto principal.<\/em><\/p>\n","protected":false},"excerpt":{"rendered":"<p><a href=\"https:\/\/drive.google.com\/drive\/folders\/1C8Q630qJ_XvRlgPQHdY6RcZzMT9B7B3h?usp=sharing\"><\/a><br \/>\nEl Mag\u00ed ja ens ha presentat la seva Capsa de vida, \u00c9s una capsa que es nota que li agrada molt perqu\u00e8 t\u00e9 el nom ben gran i est\u00e0 plena de petits dinosaures per dins i per fora. A sota de la tapa, hi&hellip;  <a href=\"https:\/\/agora.xtec.cat\/esc-teresabergada\/infantil\/i3\/la-capsa-de-vida-del-magi\/\" title=\"Read La Capsa de vida del Mag\u00ed.\">Llegeix m\u00e9s\u00bb<\/a><\/p>\n","protected":false},"author":12,"featured_media":0,"comment_status":"open","ping_status":"closed","sticky":false,"template":"","format":"standard","meta":{"_bbp_topic_count":0,"_bbp_reply_count":0,"_bbp_total_topic_count":0,"_bbp_total_reply_count":0,"_bbp_voice_count":0,"_bbp_anonymous_reply_count":0,"_bbp_topic_count_hidden":0,"_bbp_reply_count_hidden":0,"_bbp_forum_subforum_count":0,"footnotes":""},"categories":[515],"tags":[317,121],"class_list":["post-8393","post","type-post","status-publish","format-standard","hentry","category-i3","tag-capses-de-vida","tag-educacio-infantil"],"post_mailing_queue_ids":[],"_links":{"self":[{"href":"https:\/\/agora.xtec.cat\/esc-teresabergada\/wp-json\/wp\/v2\/posts\/8393","targetHints":{"allow":["GET"]}}],"collection":[{"href":"https:\/\/agora.xtec.cat\/esc-teresabergada\/wp-json\/wp\/v2\/posts"}],"about":[{"href":"https:\/\/agora.xtec.cat\/esc-teresabergada\/wp-json\/wp\/v2\/types\/post"}],"author":[{"embeddable":true,"href":"https:\/\/agora.xtec.cat\/esc-teresabergada\/wp-json\/wp\/v2\/users\/12"}],"replies":[{"embeddable":true,"href":"https:\/\/agora.xtec.cat\/esc-teresabergada\/wp-json\/wp\/v2\/comments?post=8393"}],"version-history":[{"count":3,"href":"https:\/\/agora.xtec.cat\/esc-teresabergada\/wp-json\/wp\/v2\/posts\/8393\/revisions"}],"predecessor-version":[{"id":8403,"href":"https:\/\/agora.xtec.cat\/esc-teresabergada\/wp-json\/wp\/v2\/posts\/8393\/revisions\/8403"}],"wp:attachment":[{"href":"https:\/\/agora.xtec.cat\/esc-teresabergada\/wp-json\/wp\/v2\/media?parent=8393"}],"wp:term":[{"taxonomy":"category","embeddable":true,"href":"https:\/\/agora.xtec.cat\/esc-teresabergada\/wp-json\/wp\/v2\/categories?post=8393"},{"taxonomy":"post_tag","embeddable":true,"href":"https:\/\/agora.xtec.cat\/esc-teresabergada\/wp-json\/wp\/v2\/tags?post=8393"}],"curies":[{"name":"wp","href":"https:\/\/api.w.org\/{rel}","templated":true}]}}