{"id":8381,"date":"2021-01-26T20:42:14","date_gmt":"2021-01-26T19:42:14","guid":{"rendered":"http:\/\/agora.xtec.cat\/esc-teresabergada\/?p=8381"},"modified":"2021-01-27T07:50:26","modified_gmt":"2021-01-27T06:50:26","slug":"la-linia-de-la-vida-de-laritz","status":"publish","type":"post","link":"https:\/\/agora.xtec.cat\/esc-teresabergada\/infantil\/la-linia-de-la-vida-de-laritz\/","title":{"rendered":"LA L\u00cdNIA DE LA VIDA DE L&#8217;ARITZ"},"content":{"rendered":"<p><a href=\"https:\/\/drive.google.com\/drive\/folders\/1-dNtTRMSLKf9BaEmAZVedy7t-VWy4t_o?usp=sharing\"><img loading=\"lazy\" decoding=\"async\" class=\"alignnone size-large wp-image-8391\" src=\"https:\/\/agora.xtec.cat\/esc-teresabergada\/wp-content\/uploads\/usu1533\/2021\/01\/Aritz-1-1024x1024.png\" alt=\"\" width=\"1024\" height=\"1024\" \/><\/a><\/p>\n<p>Seguim a tot drap treballant amb el projecte d&#8217;aula. Ahir l&#8217;Artiz ens va explicar la seva l\u00ednia de la vida aprofitant que era el seu aniversari vam deixar que fos el protagonista del dia.<\/p>\n<p>L&#8217;Aritz \u00e9s el m\u00e9s gran de la classe de les aranyes, va n\u00e9ixer al gener del 2016 i ja era seguidor de l&#8217;Athletic de Bilbao, com el seu pare. El primer any va donar per molt: estiu, Nadal, la soca&#8230; ja era tot un homenet. Al 2017 va celebrar el seu primer aniversari i ja li agradaven els camions i tractors tant com ara. Quan tenia 2 anys l&#8217;Aritz va viure la seva primera nevada, esdeveniment que molts ens han compartit, i que recorden amb molta emoci\u00f3! Aquell estiu tamb\u00e9 va anar a la platja, i t\u00e9 moltes ganes de tornar a banyar-se al mar. Al 2019 l&#8217;Aritz va comen\u00e7ar a l&#8217;escola i pocs dies despr\u00e9s va ser la Festa Major d&#8217;Alguaire i va pujar i gaudir de les firetes, qu\u00e8 divertides s\u00f3n! Aquell Nadal van anar a buscar el ti\u00f3 ell i el seu germ\u00e0 Iraitz. Del 2020 l&#8217;Aritz recorda amb afecte el seu 4t aniversari, les passejades amb la bici i pujar a la moto del pare!!!! Qu\u00e8 valent i aventurer \u00e9s.<\/p>\n<p>Per acabar la presentaci\u00f3 l&#8217;Aritz ha triat una can\u00e7\u00f3 s\u00faper marxosa, l&#8217;Aserej\u00e9, aix\u00ed que hem posat el volum ben alt i hem ballat seguint la coneguda coreografia,<\/p>\n<p>Moltes gr\u00e0cies per compartir amb nosaltres tots aquests moments importants per a tu!<\/p>\n<p><em>Cliqueu la imatge principal per veure m\u00e9s fotografies.<\/em><\/p>\n","protected":false},"excerpt":{"rendered":"<p><a href=\"https:\/\/drive.google.com\/drive\/folders\/1-dNtTRMSLKf9BaEmAZVedy7t-VWy4t_o?usp=sharing\"><\/a><br \/>\nSeguim a tot drap treballant amb el projecte d&#8217;aula. Ahir l&#8217;Artiz ens va explicar la seva l\u00ednia de la vida aprofitant que era el seu aniversari vam deixar que fos el protagonista del dia.<br \/>\nL&#8217;Aritz \u00e9s el m\u00e9s gran de la classe de les aranyes,&hellip;  <a href=\"https:\/\/agora.xtec.cat\/esc-teresabergada\/infantil\/la-linia-de-la-vida-de-laritz\/\" title=\"Read LA L\u00cdNIA DE LA VIDA DE L&#8217;ARITZ\">Llegeix m\u00e9s\u00bb<\/a><\/p>\n","protected":false},"author":1,"featured_media":0,"comment_status":"open","ping_status":"closed","sticky":false,"template":"","format":"standard","meta":{"_bbp_topic_count":0,"_bbp_reply_count":0,"_bbp_total_topic_count":0,"_bbp_total_reply_count":0,"_bbp_voice_count":0,"_bbp_anonymous_reply_count":0,"_bbp_topic_count_hidden":0,"_bbp_reply_count_hidden":0,"_bbp_forum_subforum_count":0,"footnotes":""},"categories":[236,2],"tags":[],"class_list":["post-8381","post","type-post","status-publish","format-standard","hentry","category-i4","category-infantil"],"post_mailing_queue_ids":[],"_links":{"self":[{"href":"https:\/\/agora.xtec.cat\/esc-teresabergada\/wp-json\/wp\/v2\/posts\/8381","targetHints":{"allow":["GET"]}}],"collection":[{"href":"https:\/\/agora.xtec.cat\/esc-teresabergada\/wp-json\/wp\/v2\/posts"}],"about":[{"href":"https:\/\/agora.xtec.cat\/esc-teresabergada\/wp-json\/wp\/v2\/types\/post"}],"author":[{"embeddable":true,"href":"https:\/\/agora.xtec.cat\/esc-teresabergada\/wp-json\/wp\/v2\/users\/1"}],"replies":[{"embeddable":true,"href":"https:\/\/agora.xtec.cat\/esc-teresabergada\/wp-json\/wp\/v2\/comments?post=8381"}],"version-history":[{"count":1,"href":"https:\/\/agora.xtec.cat\/esc-teresabergada\/wp-json\/wp\/v2\/posts\/8381\/revisions"}],"predecessor-version":[{"id":8392,"href":"https:\/\/agora.xtec.cat\/esc-teresabergada\/wp-json\/wp\/v2\/posts\/8381\/revisions\/8392"}],"wp:attachment":[{"href":"https:\/\/agora.xtec.cat\/esc-teresabergada\/wp-json\/wp\/v2\/media?parent=8381"}],"wp:term":[{"taxonomy":"category","embeddable":true,"href":"https:\/\/agora.xtec.cat\/esc-teresabergada\/wp-json\/wp\/v2\/categories?post=8381"},{"taxonomy":"post_tag","embeddable":true,"href":"https:\/\/agora.xtec.cat\/esc-teresabergada\/wp-json\/wp\/v2\/tags?post=8381"}],"curies":[{"name":"wp","href":"https:\/\/api.w.org\/{rel}","templated":true}]}}