{"id":8378,"date":"2021-01-26T22:54:07","date_gmt":"2021-01-26T21:54:07","guid":{"rendered":"http:\/\/agora.xtec.cat\/esc-teresabergada\/?p=8378"},"modified":"2021-01-26T22:54:07","modified_gmt":"2021-01-26T21:54:07","slug":"la-capsa-de-vida-del-marc","status":"publish","type":"post","link":"https:\/\/agora.xtec.cat\/esc-teresabergada\/infantil\/i3\/la-capsa-de-vida-del-marc\/","title":{"rendered":"La capsa de vida del Marc"},"content":{"rendered":"<p><a href=\"https:\/\/drive.google.com\/drive\/folders\/1mW_9P_2LnB_z17oN1_2TfEOj1Or9WXMW?usp=sharing\"><img loading=\"lazy\" decoding=\"async\" class=\"wp-image-8379 aligncenter\" src=\"https:\/\/agora.xtec.cat\/esc-teresabergada\/wp-content\/uploads\/usu1533\/2021\/01\/MARC-2-1024x819.jpg\" alt=\"\" width=\"645\" height=\"516\" \/><\/a><\/p>\n<p>Amb la presentaci\u00f3 de la Capsa de vida del Marc, hem passat una molt bona estona. Ha estat una sorpresa darrera l&#8217;altra. Una capsa ben decorada amb fotos de petit i l&#8217;empremta final del Marc, escrivint el nom per tot arreu. Qu\u00e8 bonic, tot plegat. Hem visualitzat un v\u00eddeo\u00a0 molt musical i amb imatges\u00a0 per donar-nos pistes del contingut de la capsa, fet pels pares i on sortia tota la fam\u00edlia.<\/p>\n<p>I vet aqu\u00ed que a la capsa hi sortia una figura de Thor, com a superheroi preferit del Marc, un tractor de joguina i un conte personalitzat que es diu &#8220;La granja del Marc&#8221;. Els superherois, la granja, els animals i els tractors des de ben petit van ser els preferits, fins al punt que\u00a0 el Marc era tot un superheroi granger. M\u00e9s tard li ha arribat l&#8217;afici\u00f3 compartida amb el pare, el futbol, i per aix\u00f2 ens ha incl\u00f2s a la capsa les primeres sabatilles esportives petites i vistoses.<\/p>\n<p>Finalment, el Marc ha volgut incloure un \u00e0lbum de fotografies de moments especials, de quan era molt petit fins ara. L&#8217;\u00e0lbum \u00e9s curi\u00f3s perqu\u00e8 t\u00e9 format d&#8217;acordi\u00f3 i l&#8217;hem pogut estendre\u00a0 per veure totes les fotos alhora. Ha esta genial i donem les gr\u00e0cies a la fam\u00edlia per la seva originalitat.<\/p>\n<p><em>Cliqueu la fotografia principal per veure els moments m\u00e9s importants.<\/em><\/p>\n<p>&nbsp;<\/p>\n","protected":false},"excerpt":{"rendered":"<p><a href=\"https:\/\/drive.google.com\/drive\/folders\/1mW_9P_2LnB_z17oN1_2TfEOj1Or9WXMW?usp=sharing\"><\/a><br \/>\nAmb la presentaci\u00f3 de la Capsa de vida del Marc, hem passat una molt bona estona. Ha estat una sorpresa darrera l&#8217;altra. Una capsa ben decorada amb fotos de petit i l&#8217;empremta final del Marc, escrivint el nom per tot arreu. Qu\u00e8 bonic, tot&hellip;  <a href=\"https:\/\/agora.xtec.cat\/esc-teresabergada\/infantil\/i3\/la-capsa-de-vida-del-marc\/\" title=\"Read La capsa de vida del Marc\">Llegeix m\u00e9s\u00bb<\/a><\/p>\n","protected":false},"author":12,"featured_media":0,"comment_status":"open","ping_status":"closed","sticky":false,"template":"","format":"standard","meta":{"_bbp_topic_count":0,"_bbp_reply_count":0,"_bbp_total_topic_count":0,"_bbp_total_reply_count":0,"_bbp_voice_count":0,"_bbp_anonymous_reply_count":0,"_bbp_topic_count_hidden":0,"_bbp_reply_count_hidden":0,"_bbp_forum_subforum_count":0,"footnotes":""},"categories":[515],"tags":[317,121],"class_list":["post-8378","post","type-post","status-publish","format-standard","hentry","category-i3","tag-capses-de-vida","tag-educacio-infantil"],"post_mailing_queue_ids":[],"_links":{"self":[{"href":"https:\/\/agora.xtec.cat\/esc-teresabergada\/wp-json\/wp\/v2\/posts\/8378","targetHints":{"allow":["GET"]}}],"collection":[{"href":"https:\/\/agora.xtec.cat\/esc-teresabergada\/wp-json\/wp\/v2\/posts"}],"about":[{"href":"https:\/\/agora.xtec.cat\/esc-teresabergada\/wp-json\/wp\/v2\/types\/post"}],"author":[{"embeddable":true,"href":"https:\/\/agora.xtec.cat\/esc-teresabergada\/wp-json\/wp\/v2\/users\/12"}],"replies":[{"embeddable":true,"href":"https:\/\/agora.xtec.cat\/esc-teresabergada\/wp-json\/wp\/v2\/comments?post=8378"}],"version-history":[{"count":2,"href":"https:\/\/agora.xtec.cat\/esc-teresabergada\/wp-json\/wp\/v2\/posts\/8378\/revisions"}],"predecessor-version":[{"id":8396,"href":"https:\/\/agora.xtec.cat\/esc-teresabergada\/wp-json\/wp\/v2\/posts\/8378\/revisions\/8396"}],"wp:attachment":[{"href":"https:\/\/agora.xtec.cat\/esc-teresabergada\/wp-json\/wp\/v2\/media?parent=8378"}],"wp:term":[{"taxonomy":"category","embeddable":true,"href":"https:\/\/agora.xtec.cat\/esc-teresabergada\/wp-json\/wp\/v2\/categories?post=8378"},{"taxonomy":"post_tag","embeddable":true,"href":"https:\/\/agora.xtec.cat\/esc-teresabergada\/wp-json\/wp\/v2\/tags?post=8378"}],"curies":[{"name":"wp","href":"https:\/\/api.w.org\/{rel}","templated":true}]}}