{"id":8360,"date":"2021-01-25T08:07:23","date_gmt":"2021-01-25T07:07:23","guid":{"rendered":"http:\/\/agora.xtec.cat\/esc-teresabergada\/?p=8360"},"modified":"2021-01-25T21:20:26","modified_gmt":"2021-01-25T20:20:26","slug":"la-capsa-de-vida-del-cedric","status":"publish","type":"post","link":"https:\/\/agora.xtec.cat\/esc-teresabergada\/infantil\/i3\/la-capsa-de-vida-del-cedric\/","title":{"rendered":"La Capsa de vida del Cedric"},"content":{"rendered":"<p style=\"text-align: center\"><a href=\"https:\/\/drive.google.com\/drive\/folders\/1zdvoLNL6Rv-1r6d7u9qP_hWcjEh0ZpCP?usp=sharing\"><img loading=\"lazy\" decoding=\"async\" class=\"alignnone wp-image-8361\" src=\"https:\/\/agora.xtec.cat\/esc-teresabergada\/wp-content\/uploads\/usu1533\/2021\/01\/cedric-1024x819.jpg\" alt=\"\" width=\"596\" height=\"476\" \/><\/a><\/p>\n<p>Qu\u00e8 content, el Cedric, de portar la seva Capsa de vida a l&#8217;escola, amb una s\u00faper foto i el seu nom.<\/p>\n<p>El primer tresor que va treure va ser el MIC, el peluix m\u00e9s fam\u00f3s que coneixem dels darrers anys. Doncs el MIC sembla molt especial pel Cedric, ja es veu com l&#8217;agafa. \u00c9s un peluix que\u00a0 a m\u00e9s a m\u00e9s pots escoltar i veure mil vegades per internet o la tv; molt atractiu i educatiu tot el qu\u00e8 fa. De seguida l&#8217;ha mostrat a tota la classe i tots l&#8217;han reconegut.<\/p>\n<p>La resta de tresors tamb\u00e9 molt significatius per ell i la seva fam\u00edlia, han estat dos contes. El primer que ha tret ha estat el primer conte que va tenir, Es tracta d&#8217;un conte peci\u00f3s interactiu, fet amb roba de feltre, tot ple de peces per enganxar i desenganxar, posar i treure, amb activitats de botons i cremalleres, lletres, titelles de dit molt divertits i per acabar amb un cor enorme on hi havia tres aneguets. Es tracta d&#8217;un conte molt especial que li va regalar el seu pare i en aquell moment eren 3 aneguets a la fam\u00edlia. I, finalment, el conte de &#8220;Cloe quiere ser mam\u00e1&#8221; que resulta ser una mica la hist\u00f2ria de la seva mama i ell. \u00c9s un conte delici\u00f3s en el qual s&#8217;eplica el desig de la Cloe per tenir un fill i com arriba a aconseguir que el seu desig es faci realitat. El Cedric estava encantat que expliqu\u00e9ssim la seva hist\u00f2ria de vida. A nosaltres personalment ens ha ajudat a introduir amb naturalitat el tema de la diversitat de nuclis familiars en l&#8217;actualitat. Per\u00f2 tamb\u00e9 sap el Cedric que ara la seva fam\u00edlia est\u00e0 composada pel pare, la mare, el Gael i ell i ho diu tot feli\u00e7 i somrient.<\/p>\n<p>Molt\u00edssimes gr\u00e0cies per afegir nous valors a l&#8217;exposici\u00f3 de la Capsa de Vida. I no us oblideu: MAC MEC MIC,\u00a0 toca&#8217;t el melic!<\/p>\n<p>&nbsp;<\/p>\n","protected":false},"excerpt":{"rendered":"<p><a href=\"https:\/\/drive.google.com\/drive\/folders\/1zdvoLNL6Rv-1r6d7u9qP_hWcjEh0ZpCP?usp=sharing\"><\/a><br \/>\nQu\u00e8 content, el Cedric, de portar la seva Capsa de vida a l&#8217;escola, amb una s\u00faper foto i el seu nom.<br \/>\nEl primer tresor que va treure va ser el MIC, el peluix m\u00e9s fam\u00f3s que coneixem dels darrers anys. Doncs el MIC sembla molt&hellip;  <a href=\"https:\/\/agora.xtec.cat\/esc-teresabergada\/infantil\/i3\/la-capsa-de-vida-del-cedric\/\" title=\"Read La Capsa de vida del Cedric\">Llegeix m\u00e9s\u00bb<\/a><\/p>\n","protected":false},"author":12,"featured_media":0,"comment_status":"open","ping_status":"closed","sticky":false,"template":"","format":"standard","meta":{"_bbp_topic_count":0,"_bbp_reply_count":0,"_bbp_total_topic_count":0,"_bbp_total_reply_count":0,"_bbp_voice_count":0,"_bbp_anonymous_reply_count":0,"_bbp_topic_count_hidden":0,"_bbp_reply_count_hidden":0,"_bbp_forum_subforum_count":0,"footnotes":""},"categories":[515],"tags":[317,121],"class_list":["post-8360","post","type-post","status-publish","format-standard","hentry","category-i3","tag-capses-de-vida","tag-educacio-infantil"],"post_mailing_queue_ids":[],"_links":{"self":[{"href":"https:\/\/agora.xtec.cat\/esc-teresabergada\/wp-json\/wp\/v2\/posts\/8360","targetHints":{"allow":["GET"]}}],"collection":[{"href":"https:\/\/agora.xtec.cat\/esc-teresabergada\/wp-json\/wp\/v2\/posts"}],"about":[{"href":"https:\/\/agora.xtec.cat\/esc-teresabergada\/wp-json\/wp\/v2\/types\/post"}],"author":[{"embeddable":true,"href":"https:\/\/agora.xtec.cat\/esc-teresabergada\/wp-json\/wp\/v2\/users\/12"}],"replies":[{"embeddable":true,"href":"https:\/\/agora.xtec.cat\/esc-teresabergada\/wp-json\/wp\/v2\/comments?post=8360"}],"version-history":[{"count":2,"href":"https:\/\/agora.xtec.cat\/esc-teresabergada\/wp-json\/wp\/v2\/posts\/8360\/revisions"}],"predecessor-version":[{"id":8363,"href":"https:\/\/agora.xtec.cat\/esc-teresabergada\/wp-json\/wp\/v2\/posts\/8360\/revisions\/8363"}],"wp:attachment":[{"href":"https:\/\/agora.xtec.cat\/esc-teresabergada\/wp-json\/wp\/v2\/media?parent=8360"}],"wp:term":[{"taxonomy":"category","embeddable":true,"href":"https:\/\/agora.xtec.cat\/esc-teresabergada\/wp-json\/wp\/v2\/categories?post=8360"},{"taxonomy":"post_tag","embeddable":true,"href":"https:\/\/agora.xtec.cat\/esc-teresabergada\/wp-json\/wp\/v2\/tags?post=8360"}],"curies":[{"name":"wp","href":"https:\/\/api.w.org\/{rel}","templated":true}]}}