{"id":8357,"date":"2021-01-25T07:23:15","date_gmt":"2021-01-25T06:23:15","guid":{"rendered":"http:\/\/agora.xtec.cat\/esc-teresabergada\/?p=8357"},"modified":"2021-01-25T07:23:15","modified_gmt":"2021-01-25T06:23:15","slug":"la-capsa-de-vida-de-la-laia","status":"publish","type":"post","link":"https:\/\/agora.xtec.cat\/esc-teresabergada\/infantil\/i3\/la-capsa-de-vida-de-la-laia\/","title":{"rendered":"La capsa de vida de la Laia"},"content":{"rendered":"<p><a href=\"https:\/\/drive.google.com\/drive\/folders\/1_n7iTgzvx2y-y2rtdwt41gNogvS4mDmH?usp=sharing\"><img loading=\"lazy\" decoding=\"async\" class=\" wp-image-8358 aligncenter\" src=\"https:\/\/agora.xtec.cat\/esc-teresabergada\/wp-content\/uploads\/usu1533\/2021\/01\/LAIA-1024x819.jpg\" alt=\"\" width=\"647\" height=\"518\" \/><\/a><\/p>\n<p>La Laia ens ha presentat la seva Capsa de vida i hem gaudit molt amb les seves explicacions. Ella tota sola ens ha explicat el contingut de la seva capsa. Estava molt contenta i il\u00b7lusionada per explicar les primeres coses de la seva vida. La capsa, la van fer entre la mare i ella, cosa que de seguida veiem amb el nom fet per ella. Entenem que tamb\u00e9 deu ser la seva primera capsa personalitzada.<\/p>\n<p>Quatre objectes essencials per un nad\u00f3, com ara el biber\u00f3 molt petit\u00f3 que es notava que li feia molta gr\u00e0cia pensar que va ser el seu primer. Els seus primers mitjons, ben calents perqu\u00e8 va n\u00e8ixer al febrer, tan petits que semblaven d&#8217;una nina al costat del seu peu actual.\u00a0 No cal dir que s&#8217;ho ha passat pipa ensenyant les primeres xancles per anar a la platja i finalment el seu primer conillet peluix, tipus manteta per a dormir m\u00e9s a gust. Ho ha volgut ensenyar als companys tot, per a qu\u00e8 ho veiessin b\u00e9 els companys que tamb\u00e9 han gaudit dels tresors de la Laia. Gr\u00e0cies per la col\u00b7laboraci\u00f3 i fer que la implicaci\u00f3 de la Laia fos al m\u00e0xim, fam\u00edlia.<\/p>\n<p><em>si voleu veure els moments de l&#8217;exposici\u00f3, solament cal que cliqueu la foto principal.<\/em><\/p>\n","protected":false},"excerpt":{"rendered":"<p><a href=\"https:\/\/drive.google.com\/drive\/folders\/1_n7iTgzvx2y-y2rtdwt41gNogvS4mDmH?usp=sharing\"><\/a><br \/>\nLa Laia ens ha presentat la seva Capsa de vida i hem gaudit molt amb les seves explicacions. Ella tota sola ens ha explicat el contingut de la seva capsa. Estava molt contenta i il\u00b7lusionada per explicar les primeres coses de la seva vida.&hellip;  <a href=\"https:\/\/agora.xtec.cat\/esc-teresabergada\/infantil\/i3\/la-capsa-de-vida-de-la-laia\/\" title=\"Read La capsa de vida de la Laia\">Llegeix m\u00e9s\u00bb<\/a><\/p>\n","protected":false},"author":12,"featured_media":0,"comment_status":"open","ping_status":"closed","sticky":false,"template":"","format":"standard","meta":{"_bbp_topic_count":0,"_bbp_reply_count":0,"_bbp_total_topic_count":0,"_bbp_total_reply_count":0,"_bbp_voice_count":0,"_bbp_anonymous_reply_count":0,"_bbp_topic_count_hidden":0,"_bbp_reply_count_hidden":0,"_bbp_forum_subforum_count":0,"footnotes":""},"categories":[515],"tags":[317,121],"class_list":["post-8357","post","type-post","status-publish","format-standard","hentry","category-i3","tag-capses-de-vida","tag-educacio-infantil"],"post_mailing_queue_ids":[],"_links":{"self":[{"href":"https:\/\/agora.xtec.cat\/esc-teresabergada\/wp-json\/wp\/v2\/posts\/8357","targetHints":{"allow":["GET"]}}],"collection":[{"href":"https:\/\/agora.xtec.cat\/esc-teresabergada\/wp-json\/wp\/v2\/posts"}],"about":[{"href":"https:\/\/agora.xtec.cat\/esc-teresabergada\/wp-json\/wp\/v2\/types\/post"}],"author":[{"embeddable":true,"href":"https:\/\/agora.xtec.cat\/esc-teresabergada\/wp-json\/wp\/v2\/users\/12"}],"replies":[{"embeddable":true,"href":"https:\/\/agora.xtec.cat\/esc-teresabergada\/wp-json\/wp\/v2\/comments?post=8357"}],"version-history":[{"count":1,"href":"https:\/\/agora.xtec.cat\/esc-teresabergada\/wp-json\/wp\/v2\/posts\/8357\/revisions"}],"predecessor-version":[{"id":8359,"href":"https:\/\/agora.xtec.cat\/esc-teresabergada\/wp-json\/wp\/v2\/posts\/8357\/revisions\/8359"}],"wp:attachment":[{"href":"https:\/\/agora.xtec.cat\/esc-teresabergada\/wp-json\/wp\/v2\/media?parent=8357"}],"wp:term":[{"taxonomy":"category","embeddable":true,"href":"https:\/\/agora.xtec.cat\/esc-teresabergada\/wp-json\/wp\/v2\/categories?post=8357"},{"taxonomy":"post_tag","embeddable":true,"href":"https:\/\/agora.xtec.cat\/esc-teresabergada\/wp-json\/wp\/v2\/tags?post=8357"}],"curies":[{"name":"wp","href":"https:\/\/api.w.org\/{rel}","templated":true}]}}