{"id":8332,"date":"2021-01-23T16:49:07","date_gmt":"2021-01-23T15:49:07","guid":{"rendered":"http:\/\/agora.xtec.cat\/esc-teresabergada\/?p=8332"},"modified":"2022-07-11T10:47:41","modified_gmt":"2022-07-11T08:47:41","slug":"artistes-mironians","status":"publish","type":"post","link":"https:\/\/agora.xtec.cat\/esc-teresabergada\/general\/artistes-mironians\/","title":{"rendered":"ARTISTES MIRONIANS"},"content":{"rendered":"<h3>Seguint amb la l\u00ednia d&#8217;art d&#8217;aquest curs, hem treballat un segon artista catal\u00e0 que ens ha entusiasmat: Joan Mir\u00f3 \ud83d\udd34\ud83d\udd36\ud83d\udd18\u303d\u2733\u27b0<\/h3>\n<h3>Ens hem fet experts en el seu abecedari, els seus animals estrafolaris i les seves escultures tan creatives. Les nostres creacions estan carregades de colors vius i formes geom\u00e8triques, que \u00e9s el que caracteritza l&#8217;obra de Mir\u00f3. Ens ha agradat dibuixar, utilitzar el pinzell i, sobretot, fer escultures amb plastilina!<\/h3>\n<h3>Aqu\u00ed teniu alguna mostra dels nostres treballs art\u00edstics \ud83d\udd8c<\/h3>\n<p><a href=\"https:\/\/agora.xtec.cat\/esc-teresabergada\/wp-content\/uploads\/usu1533\/2021\/01\/Captura-de-pantalla-2021-01-23-a-las-16.36.08.png\"><img loading=\"lazy\" decoding=\"async\" class=\"alignnone size-large wp-image-8343\" src=\"https:\/\/agora.xtec.cat\/esc-teresabergada\/wp-content\/uploads\/usu1533\/2021\/01\/Captura-de-pantalla-2021-01-23-a-las-16.36.08-1024x379.png\" alt=\"\" width=\"1024\" height=\"379\" \/><\/a> <a href=\"https:\/\/agora.xtec.cat\/esc-teresabergada\/wp-content\/uploads\/usu1533\/2021\/01\/IMG_20201120_153015_3193.jpg\"><img loading=\"lazy\" decoding=\"async\" class=\"alignnone wp-image-8344\" src=\"https:\/\/agora.xtec.cat\/esc-teresabergada\/wp-content\/uploads\/usu1533\/2021\/01\/IMG_20201120_153015_3193-1024x713.jpg\" alt=\"\" width=\"454\" height=\"316\" srcset=\"https:\/\/agora.xtec.cat\/esc-teresabergada\/wp-content\/uploads\/usu1533\/2021\/01\/IMG_20201120_153015_3193-1024x713.jpg 1024w, https:\/\/agora.xtec.cat\/esc-teresabergada\/wp-content\/uploads\/usu1533\/2021\/01\/IMG_20201120_153015_3193-300x209.jpg 300w, https:\/\/agora.xtec.cat\/esc-teresabergada\/wp-content\/uploads\/usu1533\/2021\/01\/IMG_20201120_153015_3193-768x535.jpg 768w\" sizes=\"auto, (max-width: 454px) 100vw, 454px\" \/><\/a><a href=\"https:\/\/agora.xtec.cat\/esc-teresabergada\/wp-content\/uploads\/usu1533\/2021\/01\/Captura-de-pantalla-2021-01-23-a-las-16.39.07.png\"><img loading=\"lazy\" decoding=\"async\" class=\"alignnone wp-image-8348\" src=\"https:\/\/agora.xtec.cat\/esc-teresabergada\/wp-content\/uploads\/usu1533\/2021\/01\/Captura-de-pantalla-2021-01-23-a-las-16.39.07.png\" alt=\"\" width=\"421\" height=\"314\" srcset=\"https:\/\/agora.xtec.cat\/esc-teresabergada\/wp-content\/uploads\/usu1533\/2021\/01\/Captura-de-pantalla-2021-01-23-a-las-16.39.07.png 925w, https:\/\/agora.xtec.cat\/esc-teresabergada\/wp-content\/uploads\/usu1533\/2021\/01\/Captura-de-pantalla-2021-01-23-a-las-16.39.07-300x224.png 300w, https:\/\/agora.xtec.cat\/esc-teresabergada\/wp-content\/uploads\/usu1533\/2021\/01\/Captura-de-pantalla-2021-01-23-a-las-16.39.07-768x574.png 768w, https:\/\/agora.xtec.cat\/esc-teresabergada\/wp-content\/uploads\/usu1533\/2021\/01\/Captura-de-pantalla-2021-01-23-a-las-16.39.07-200x150.png 200w\" sizes=\"auto, (max-width: 421px) 100vw, 421px\" \/><\/a><\/p>\n<p><a href=\"https:\/\/agora.xtec.cat\/esc-teresabergada\/wp-content\/uploads\/usu1533\/2021\/01\/IMG_20210115_154038_2492.jpg\"><img loading=\"lazy\" decoding=\"async\" class=\"alignnone wp-image-8345\" src=\"https:\/\/agora.xtec.cat\/esc-teresabergada\/wp-content\/uploads\/usu1533\/2021\/01\/IMG_20210115_154038_2492-1024x766.jpg\" alt=\"\" width=\"446\" height=\"334\" srcset=\"https:\/\/agora.xtec.cat\/esc-teresabergada\/wp-content\/uploads\/usu1533\/2021\/01\/IMG_20210115_154038_2492-1024x766.jpg 1024w, https:\/\/agora.xtec.cat\/esc-teresabergada\/wp-content\/uploads\/usu1533\/2021\/01\/IMG_20210115_154038_2492-300x224.jpg 300w, https:\/\/agora.xtec.cat\/esc-teresabergada\/wp-content\/uploads\/usu1533\/2021\/01\/IMG_20210115_154038_2492-768x574.jpg 768w, https:\/\/agora.xtec.cat\/esc-teresabergada\/wp-content\/uploads\/usu1533\/2021\/01\/IMG_20210115_154038_2492-200x150.jpg 200w\" sizes=\"auto, (max-width: 446px) 100vw, 446px\" \/><\/a>\u00a0 <a href=\"https:\/\/agora.xtec.cat\/esc-teresabergada\/wp-content\/uploads\/usu1533\/2021\/01\/IMG_20210115_153956_133.jpg\"><img loading=\"lazy\" decoding=\"async\" class=\"alignnone wp-image-8351\" src=\"https:\/\/agora.xtec.cat\/esc-teresabergada\/wp-content\/uploads\/usu1533\/2021\/01\/IMG_20210115_153956_133-1024x766.jpg\" alt=\"\" width=\"445\" height=\"333\" \/><\/a><\/p>\n<p><a href=\"https:\/\/agora.xtec.cat\/esc-teresabergada\/wp-content\/uploads\/usu1533\/2021\/01\/Captura-de-pantalla-2021-01-23-a-las-16.41.32.png\"><img loading=\"lazy\" decoding=\"async\" class=\"alignnone size-large wp-image-8349\" src=\"https:\/\/agora.xtec.cat\/esc-teresabergada\/wp-content\/uploads\/usu1533\/2021\/01\/Captura-de-pantalla-2021-01-23-a-las-16.41.32-1024x617.png\" alt=\"\" width=\"1024\" height=\"617\" srcset=\"https:\/\/agora.xtec.cat\/esc-teresabergada\/wp-content\/uploads\/usu1533\/2021\/01\/Captura-de-pantalla-2021-01-23-a-las-16.41.32-1024x617.png 1024w, https:\/\/agora.xtec.cat\/esc-teresabergada\/wp-content\/uploads\/usu1533\/2021\/01\/Captura-de-pantalla-2021-01-23-a-las-16.41.32-300x181.png 300w, https:\/\/agora.xtec.cat\/esc-teresabergada\/wp-content\/uploads\/usu1533\/2021\/01\/Captura-de-pantalla-2021-01-23-a-las-16.41.32-768x463.png 768w, https:\/\/agora.xtec.cat\/esc-teresabergada\/wp-content\/uploads\/usu1533\/2021\/01\/Captura-de-pantalla-2021-01-23-a-las-16.41.32.png 1144w\" sizes=\"auto, (max-width: 1024px) 100vw, 1024px\" \/><\/a><\/p>\n<p><a href=\"https:\/\/agora.xtec.cat\/esc-teresabergada\/wp-content\/uploads\/usu1533\/2021\/01\/Captura-de-pantalla-2021-01-23-a-las-16.45.14.png\"><img loading=\"lazy\" decoding=\"async\" class=\"alignnone size-full wp-image-8350\" src=\"https:\/\/agora.xtec.cat\/esc-teresabergada\/wp-content\/uploads\/usu1533\/2021\/01\/Captura-de-pantalla-2021-01-23-a-las-16.45.14.png\" alt=\"\" width=\"754\" height=\"689\" srcset=\"https:\/\/agora.xtec.cat\/esc-teresabergada\/wp-content\/uploads\/usu1533\/2021\/01\/Captura-de-pantalla-2021-01-23-a-las-16.45.14.png 754w, https:\/\/agora.xtec.cat\/esc-teresabergada\/wp-content\/uploads\/usu1533\/2021\/01\/Captura-de-pantalla-2021-01-23-a-las-16.45.14-300x274.png 300w\" sizes=\"auto, (max-width: 754px) 100vw, 754px\" \/><\/a><\/p>\n","protected":false},"excerpt":{"rendered":"<p>Dibuix, pintura i escultura, a l&#8217;estil de Joan Mir\u00f3!&hellip;  <a href=\"https:\/\/agora.xtec.cat\/esc-teresabergada\/general\/artistes-mironians\/\" title=\"Read ARTISTES MIRONIANS\">Llegeix m\u00e9s\u00bb<\/a><\/p>\n","protected":false},"author":28,"featured_media":8347,"comment_status":"open","ping_status":"closed","sticky":false,"template":"","format":"standard","meta":{"_bbp_topic_count":0,"_bbp_reply_count":0,"_bbp_total_topic_count":0,"_bbp_total_reply_count":0,"_bbp_voice_count":0,"_bbp_anonymous_reply_count":0,"_bbp_topic_count_hidden":0,"_bbp_reply_count_hidden":0,"_bbp_forum_subforum_count":0,"footnotes":""},"categories":[238,1],"tags":[],"class_list":["post-8332","post","type-post","status-publish","format-standard","has-post-thumbnail","hentry","category-3r","category-general"],"post_mailing_queue_ids":[],"_links":{"self":[{"href":"https:\/\/agora.xtec.cat\/esc-teresabergada\/wp-json\/wp\/v2\/posts\/8332","targetHints":{"allow":["GET"]}}],"collection":[{"href":"https:\/\/agora.xtec.cat\/esc-teresabergada\/wp-json\/wp\/v2\/posts"}],"about":[{"href":"https:\/\/agora.xtec.cat\/esc-teresabergada\/wp-json\/wp\/v2\/types\/post"}],"author":[{"embeddable":true,"href":"https:\/\/agora.xtec.cat\/esc-teresabergada\/wp-json\/wp\/v2\/users\/28"}],"replies":[{"embeddable":true,"href":"https:\/\/agora.xtec.cat\/esc-teresabergada\/wp-json\/wp\/v2\/comments?post=8332"}],"version-history":[{"count":3,"href":"https:\/\/agora.xtec.cat\/esc-teresabergada\/wp-json\/wp\/v2\/posts\/8332\/revisions"}],"predecessor-version":[{"id":8356,"href":"https:\/\/agora.xtec.cat\/esc-teresabergada\/wp-json\/wp\/v2\/posts\/8332\/revisions\/8356"}],"wp:featuredmedia":[{"embeddable":true,"href":"https:\/\/agora.xtec.cat\/esc-teresabergada\/wp-json\/wp\/v2\/media\/8347"}],"wp:attachment":[{"href":"https:\/\/agora.xtec.cat\/esc-teresabergada\/wp-json\/wp\/v2\/media?parent=8332"}],"wp:term":[{"taxonomy":"category","embeddable":true,"href":"https:\/\/agora.xtec.cat\/esc-teresabergada\/wp-json\/wp\/v2\/categories?post=8332"},{"taxonomy":"post_tag","embeddable":true,"href":"https:\/\/agora.xtec.cat\/esc-teresabergada\/wp-json\/wp\/v2\/tags?post=8332"}],"curies":[{"name":"wp","href":"https:\/\/api.w.org\/{rel}","templated":true}]}}