{"id":8316,"date":"2021-01-22T09:04:25","date_gmt":"2021-01-22T08:04:25","guid":{"rendered":"http:\/\/agora.xtec.cat\/esc-teresabergada\/?p=8316"},"modified":"2021-01-22T12:48:38","modified_gmt":"2021-01-22T11:48:38","slug":"la-linia-de-vida-de-la-dana","status":"publish","type":"post","link":"https:\/\/agora.xtec.cat\/esc-teresabergada\/infantil\/la-linia-de-vida-de-la-dana\/","title":{"rendered":"LA L\u00cdNIA DE LA VIDA DE LA DANA"},"content":{"rendered":"<p><a href=\"https:\/\/drive.google.com\/drive\/folders\/1Wjx1u88MBtY7AOmwfdJYWtfMTHge7lo1?usp=sharing\"><img loading=\"lazy\" decoding=\"async\" class=\"alignnone size-large wp-image-8317\" src=\"https:\/\/agora.xtec.cat\/esc-teresabergada\/wp-content\/uploads\/usu1533\/2021\/01\/Dana-1024x1024.png\" alt=\"\" width=\"1024\" height=\"1024\" \/><\/a><\/p>\n<p>Ahir la Dana ens va explicar la seva l\u00ednia de la vida. Abans de mirar el v\u00eddeo que ha preparat vam mirar les fotos i ens vam adonar que ens explicaria tres moments importants per a cada any de vida. Som-hi!<\/p>\n<div><\/div>\n<div>La Dana va n\u00e9ixer al febrer del 2016, que petitona era! Uns mesos despr\u00e9s li van preparar una gran festa, el seu bateig. L&#8217;any seg\u00fcent, al 2017 la Dana es va convertir en la germana gran, quina il\u00b7lusi\u00f3! Quan nom\u00e9s tenia 1 any la Dana va fer la seva primera cursa, es tota una atleta!<\/div>\n<div>L&#8217;any 2018 es va disfressar dels Trolls amb alguns companys de la classe i pel seu aniversari va fer un s\u00faper past\u00eds amb forma de tren&#8230; quina imaginaci\u00f3!\u00a0 L&#8217;any 2019 van anar a Disneyland Par\u00eds, quin viatge m\u00e9s especial i m\u00e0gic! Va veure moltes princeses i va visitar el castell, i sabeu que ens ha explicat? A baix de tot hi havia un drac!!! L&#8217;any que la Dana va fer 4 anys ens van confinar a casa durant molts dies&#8230; per\u00f2 el dia que ens van descofinar va sortir amb el Mag\u00ed a observar la natura i ens ha dit que va ser molt bonic \ud83d\ude42<\/div>\n<div>Quan hem acabat, i per seguir amb la tradici\u00f3 establerta, la Dana ha triat la can\u00e7\u00f3 de la Frozen que hem cantat a ple pulm\u00f3!<\/div>\n<div><\/div>\n<div>Moltes gr\u00e0cies Dana per compartir amb nosaltres aquests instants de la teva vida!<\/div>\n<div><\/div>\n<div><\/div>\n<div><em>Cliqueu la imatge principal per veure m\u00e9s fotografies.<\/em><\/div>\n","protected":false},"excerpt":{"rendered":"<p><a href=\"https:\/\/drive.google.com\/drive\/folders\/1Wjx1u88MBtY7AOmwfdJYWtfMTHge7lo1?usp=sharing\"><\/a><br \/>\nAhir la Dana ens va explicar la seva l\u00ednia de la vida. Abans de mirar el v\u00eddeo que ha preparat vam mirar les fotos i ens vam adonar que ens explicaria tres moments importants per a cada any de vida. Som-hi!<\/p>\n<p>La Dana va n\u00e9ixer&hellip;  <a href=\"https:\/\/agora.xtec.cat\/esc-teresabergada\/infantil\/la-linia-de-vida-de-la-dana\/\" title=\"Read LA L\u00cdNIA DE LA VIDA DE LA DANA\">Llegeix m\u00e9s\u00bb<\/a><\/p>\n","protected":false},"author":1,"featured_media":0,"comment_status":"open","ping_status":"closed","sticky":false,"template":"","format":"standard","meta":{"_bbp_topic_count":0,"_bbp_reply_count":0,"_bbp_total_topic_count":0,"_bbp_total_reply_count":0,"_bbp_voice_count":0,"_bbp_anonymous_reply_count":0,"_bbp_topic_count_hidden":0,"_bbp_reply_count_hidden":0,"_bbp_forum_subforum_count":0,"footnotes":""},"categories":[236,2],"tags":[],"class_list":["post-8316","post","type-post","status-publish","format-standard","hentry","category-i4","category-infantil"],"post_mailing_queue_ids":[],"_links":{"self":[{"href":"https:\/\/agora.xtec.cat\/esc-teresabergada\/wp-json\/wp\/v2\/posts\/8316","targetHints":{"allow":["GET"]}}],"collection":[{"href":"https:\/\/agora.xtec.cat\/esc-teresabergada\/wp-json\/wp\/v2\/posts"}],"about":[{"href":"https:\/\/agora.xtec.cat\/esc-teresabergada\/wp-json\/wp\/v2\/types\/post"}],"author":[{"embeddable":true,"href":"https:\/\/agora.xtec.cat\/esc-teresabergada\/wp-json\/wp\/v2\/users\/1"}],"replies":[{"embeddable":true,"href":"https:\/\/agora.xtec.cat\/esc-teresabergada\/wp-json\/wp\/v2\/comments?post=8316"}],"version-history":[{"count":3,"href":"https:\/\/agora.xtec.cat\/esc-teresabergada\/wp-json\/wp\/v2\/posts\/8316\/revisions"}],"predecessor-version":[{"id":8320,"href":"https:\/\/agora.xtec.cat\/esc-teresabergada\/wp-json\/wp\/v2\/posts\/8316\/revisions\/8320"}],"wp:attachment":[{"href":"https:\/\/agora.xtec.cat\/esc-teresabergada\/wp-json\/wp\/v2\/media?parent=8316"}],"wp:term":[{"taxonomy":"category","embeddable":true,"href":"https:\/\/agora.xtec.cat\/esc-teresabergada\/wp-json\/wp\/v2\/categories?post=8316"},{"taxonomy":"post_tag","embeddable":true,"href":"https:\/\/agora.xtec.cat\/esc-teresabergada\/wp-json\/wp\/v2\/tags?post=8316"}],"curies":[{"name":"wp","href":"https:\/\/api.w.org\/{rel}","templated":true}]}}