{"id":8305,"date":"2021-01-21T21:18:01","date_gmt":"2021-01-21T20:18:01","guid":{"rendered":"http:\/\/agora.xtec.cat\/esc-teresabergada\/?p=8305"},"modified":"2021-01-21T21:24:23","modified_gmt":"2021-01-21T20:24:23","slug":"la-capsa-de-vida-del-jordi","status":"publish","type":"post","link":"https:\/\/agora.xtec.cat\/esc-teresabergada\/infantil\/i3\/la-capsa-de-vida-del-jordi\/","title":{"rendered":"La Capsa de vida del Jordi"},"content":{"rendered":"<p><a href=\"https:\/\/drive.google.com\/drive\/folders\/1ZL3wA2oruHiidYnxWyViDxPzydhRWxx0?usp=sharing\"><img loading=\"lazy\" decoding=\"async\" class=\" wp-image-8306 aligncenter\" src=\"https:\/\/agora.xtec.cat\/esc-teresabergada\/wp-content\/uploads\/usu1533\/2021\/01\/MARIONA-9-1024x819.jpg\" alt=\"\" width=\"611\" height=\"488\" \/><\/a><\/p>\n<p>Aquesta setmana el Jordi ens ha regalat una bona estona, plena de joc, superherois, abra\u00e7ades i m\u00fasica. La Capsa de vida ha estat decorada per l&#8217;\u00e0via que ha encertat els seus gustos, amb una fotografia del Jordi disfressat de Superman en primer pla, pilotes i diferents dibuixos de superherois, sense oblidar-se de La Patrulla Canina. Abans d&#8217;obrir la capsa sab\u00edem que ens ho passar\u00edem d&#8217;all\u00f2 m\u00e9s b\u00e9.<\/p>\n<p>Tot just obrir-la ja vam veure <strong>5 <\/strong>pilotes toves amb un ull que ens mirava. Les vam tirar totes perqu\u00e8 no feien mal. El Jordi va comentar que van ser les primeres que va tenir i\u00a0 per aix\u00f2 eren toves. Una altra cosa que gaudeix molt s\u00f3n les festes d&#8217;aniversari, per aix\u00f2 tamb\u00e9 ens ha mostrat una fotografia del primer aniversari amb un past\u00eds per per la tieta Judit, en forma de tren carregat de bombons, segons ell, i una corona dels tres anys feta per l&#8217;\u00e0via, experta en fer corones de cada any. Tamb\u00e9 hi han afegit fotorafies de decoraci\u00f3 de la festa, molt divertides. De fet, no ens va estranyar que el Jordi s&#8217;ho passi tant b\u00e9 a les festes d&#8217;aniversari.<\/p>\n<p>Finalment, hi hem trobat un conte molt especial. A cada p\u00e0gina podia pr\u00e9mer un botonet per escoltar alguna pe\u00e7a del m\u00fasic Beethoven, Tureeeet segons deia ell. Des de ben petit que li ha interessat la m\u00fasica i tamb\u00e9 ens l&#8217;ha fet escoltar. Quan semblava que hav\u00edem acabat els moments divertits, encara vam llegir, a la s\u00faper carta explicativa que ens va ajudar a entendre el context de cada objecte, que el Jordi tenia un s\u00faper poder que era fer abra\u00e7ades. Les s\u00faper abra\u00e7ades serveixen per tranquil\u00b7litzar-nos, curar-nos de la tristor i apaivagar el dolor si et fas mal. Ja us podeu imaginar com va acabar l&#8217;exposici\u00f3 de la Capsa de vida del Jordi, doncs abra\u00e7aaaant.<\/p>\n<p>Moltes gr\u00e0cies a les explicacions de la fam\u00edlia, via carta, perqu\u00e8 ens han apropat al seu m\u00f3n i de forma molt divertida.<\/p>\n","protected":false},"excerpt":{"rendered":"<p><a href=\"https:\/\/drive.google.com\/drive\/folders\/1ZL3wA2oruHiidYnxWyViDxPzydhRWxx0?usp=sharing\"><\/a><br \/>\nAquesta setmana el Jordi ens ha regalat una bona estona, plena de joc, superherois, abra\u00e7ades i m\u00fasica. La Capsa de vida ha estat decorada per l&#8217;\u00e0via que ha encertat els seus gustos, amb una fotografia del Jordi disfressat de Superman en primer pla, pilotes&hellip;  <a href=\"https:\/\/agora.xtec.cat\/esc-teresabergada\/infantil\/i3\/la-capsa-de-vida-del-jordi\/\" title=\"Read La Capsa de vida del Jordi\">Llegeix m\u00e9s\u00bb<\/a><\/p>\n","protected":false},"author":12,"featured_media":0,"comment_status":"open","ping_status":"closed","sticky":false,"template":"","format":"standard","meta":{"_bbp_topic_count":0,"_bbp_reply_count":0,"_bbp_total_topic_count":0,"_bbp_total_reply_count":0,"_bbp_voice_count":0,"_bbp_anonymous_reply_count":0,"_bbp_topic_count_hidden":0,"_bbp_reply_count_hidden":0,"_bbp_forum_subforum_count":0,"footnotes":""},"categories":[515],"tags":[317,121],"class_list":["post-8305","post","type-post","status-publish","format-standard","hentry","category-i3","tag-capses-de-vida","tag-educacio-infantil"],"post_mailing_queue_ids":[],"_links":{"self":[{"href":"https:\/\/agora.xtec.cat\/esc-teresabergada\/wp-json\/wp\/v2\/posts\/8305","targetHints":{"allow":["GET"]}}],"collection":[{"href":"https:\/\/agora.xtec.cat\/esc-teresabergada\/wp-json\/wp\/v2\/posts"}],"about":[{"href":"https:\/\/agora.xtec.cat\/esc-teresabergada\/wp-json\/wp\/v2\/types\/post"}],"author":[{"embeddable":true,"href":"https:\/\/agora.xtec.cat\/esc-teresabergada\/wp-json\/wp\/v2\/users\/12"}],"replies":[{"embeddable":true,"href":"https:\/\/agora.xtec.cat\/esc-teresabergada\/wp-json\/wp\/v2\/comments?post=8305"}],"version-history":[{"count":2,"href":"https:\/\/agora.xtec.cat\/esc-teresabergada\/wp-json\/wp\/v2\/posts\/8305\/revisions"}],"predecessor-version":[{"id":8315,"href":"https:\/\/agora.xtec.cat\/esc-teresabergada\/wp-json\/wp\/v2\/posts\/8305\/revisions\/8315"}],"wp:attachment":[{"href":"https:\/\/agora.xtec.cat\/esc-teresabergada\/wp-json\/wp\/v2\/media?parent=8305"}],"wp:term":[{"taxonomy":"category","embeddable":true,"href":"https:\/\/agora.xtec.cat\/esc-teresabergada\/wp-json\/wp\/v2\/categories?post=8305"},{"taxonomy":"post_tag","embeddable":true,"href":"https:\/\/agora.xtec.cat\/esc-teresabergada\/wp-json\/wp\/v2\/tags?post=8305"}],"curies":[{"name":"wp","href":"https:\/\/api.w.org\/{rel}","templated":true}]}}