{"id":8302,"date":"2021-01-20T12:14:38","date_gmt":"2021-01-20T11:14:38","guid":{"rendered":"http:\/\/agora.xtec.cat\/esc-teresabergada\/?p=8302"},"modified":"2021-01-20T12:14:38","modified_gmt":"2021-01-20T11:14:38","slug":"la-linia-de-la-vida-del-noel","status":"publish","type":"post","link":"https:\/\/agora.xtec.cat\/esc-teresabergada\/infantil\/la-linia-de-la-vida-del-noel\/","title":{"rendered":"LA L\u00cdNIA DE LA VIDA DEL NOEL"},"content":{"rendered":"<p><a href=\"https:\/\/drive.google.com\/drive\/folders\/1-3V7MKQzrIbWURKAg9CrrXw1l7QPmVGN?usp=sharing\"><img loading=\"lazy\" decoding=\"async\" class=\"alignnone size-large wp-image-8303\" src=\"https:\/\/agora.xtec.cat\/esc-teresabergada\/wp-content\/uploads\/usu1533\/2021\/01\/Noel-1024x1024.png\" alt=\"\" width=\"1024\" height=\"1024\" \/><\/a><\/p>\n<p>Aquest dilluns el Noel ens va presentar la seva l\u00ednia de la vida. Ens fa molta il\u00b7lusi\u00f3 sentir que som els protagonistes i compartir les nostres viv\u00e8ncies. Tot aquest proc\u00e9s ens est\u00e0 ajudant a entendre el pas del temps.<\/p>\n<p>El Noel va n\u00e9ixer al setembre del 2016 i aquell mateix any va viure el seu primer Nadal m\u00e0gic. L&#8217;any 2017, tal com ell ens ha dit, va ser un any de primeres vegades, va descobrir que li agradava molt l&#8217;aigua per\u00f2 no li agradava gens notar l&#8217;arena de la platja pel cos! L&#8217;any que el Noel feia els 2 anys va ser molt divertit, un any d&#8217;excursions i aventures. Ens ha cridat molt l&#8217;atenci\u00f3 que an\u00e9s de vacances amb un vaixell que es diu creuer i que a dins hi hagu\u00e9s tantes coses, ens ha fet agafar ganes de provar-ho. El Nadal del 2018 el Noel va anar a buscar la soca al bosc\u00a0 quina alegria quan la va trobar! L&#8217;any 2019, un any de canvis importants, va aconseguir fer p\u00f2dium a la seva primera cursa, tant de bo ben aviat puguis fer-ne m\u00e9s Noel! I finalment, l&#8217;any passat, va aprofitar els primers mesos per aprendre a esquiar amb el seu tiet. Portava uns esquis que l&#8217;ajudaven a relliscar per sobre la neu, qu\u00e8 divertit va ser!<\/p>\n<p>Al acabar hem pogut compatir all\u00f2 que m\u00e9s ens havia agradat i el Noel ha volgut escoltar la can\u00e7\u00f3 de &#8220;Little Star&#8221;.<\/p>\n<p>Moltes gr\u00e0cies per compartir amb nosaltres la teva hist\u00f2ria de vida!!<\/p>\n<p><em>Cliqueu a la imatge principal per veure m\u00e9s fotografies.<\/em><\/p>\n","protected":false},"excerpt":{"rendered":"<p><a href=\"https:\/\/drive.google.com\/drive\/folders\/1-3V7MKQzrIbWURKAg9CrrXw1l7QPmVGN?usp=sharing\"><\/a><br \/>\nAquest dilluns el Noel ens va presentar la seva l\u00ednia de la vida. Ens fa molta il\u00b7lusi\u00f3 sentir que som els protagonistes i compartir les nostres viv\u00e8ncies. Tot aquest proc\u00e9s ens est\u00e0 ajudant a entendre el pas del temps.<br \/>\nEl Noel va n\u00e9ixer al setembre&hellip;  <a href=\"https:\/\/agora.xtec.cat\/esc-teresabergada\/infantil\/la-linia-de-la-vida-del-noel\/\" title=\"Read LA L\u00cdNIA DE LA VIDA DEL NOEL\">Llegeix m\u00e9s\u00bb<\/a><\/p>\n","protected":false},"author":1,"featured_media":0,"comment_status":"open","ping_status":"closed","sticky":false,"template":"","format":"standard","meta":{"_bbp_topic_count":0,"_bbp_reply_count":0,"_bbp_total_topic_count":0,"_bbp_total_reply_count":0,"_bbp_voice_count":0,"_bbp_anonymous_reply_count":0,"_bbp_topic_count_hidden":0,"_bbp_reply_count_hidden":0,"_bbp_forum_subforum_count":0,"footnotes":""},"categories":[236,2],"tags":[],"class_list":["post-8302","post","type-post","status-publish","format-standard","hentry","category-i4","category-infantil"],"post_mailing_queue_ids":[],"_links":{"self":[{"href":"https:\/\/agora.xtec.cat\/esc-teresabergada\/wp-json\/wp\/v2\/posts\/8302","targetHints":{"allow":["GET"]}}],"collection":[{"href":"https:\/\/agora.xtec.cat\/esc-teresabergada\/wp-json\/wp\/v2\/posts"}],"about":[{"href":"https:\/\/agora.xtec.cat\/esc-teresabergada\/wp-json\/wp\/v2\/types\/post"}],"author":[{"embeddable":true,"href":"https:\/\/agora.xtec.cat\/esc-teresabergada\/wp-json\/wp\/v2\/users\/1"}],"replies":[{"embeddable":true,"href":"https:\/\/agora.xtec.cat\/esc-teresabergada\/wp-json\/wp\/v2\/comments?post=8302"}],"version-history":[{"count":1,"href":"https:\/\/agora.xtec.cat\/esc-teresabergada\/wp-json\/wp\/v2\/posts\/8302\/revisions"}],"predecessor-version":[{"id":8304,"href":"https:\/\/agora.xtec.cat\/esc-teresabergada\/wp-json\/wp\/v2\/posts\/8302\/revisions\/8304"}],"wp:attachment":[{"href":"https:\/\/agora.xtec.cat\/esc-teresabergada\/wp-json\/wp\/v2\/media?parent=8302"}],"wp:term":[{"taxonomy":"category","embeddable":true,"href":"https:\/\/agora.xtec.cat\/esc-teresabergada\/wp-json\/wp\/v2\/categories?post=8302"},{"taxonomy":"post_tag","embeddable":true,"href":"https:\/\/agora.xtec.cat\/esc-teresabergada\/wp-json\/wp\/v2\/tags?post=8302"}],"curies":[{"name":"wp","href":"https:\/\/api.w.org\/{rel}","templated":true}]}}