{"id":8294,"date":"2021-01-19T23:52:28","date_gmt":"2021-01-19T22:52:28","guid":{"rendered":"http:\/\/agora.xtec.cat\/esc-teresabergada\/?p=8294"},"modified":"2021-01-20T00:05:56","modified_gmt":"2021-01-19T23:05:56","slug":"la-capsa-de-vida-de-la-gala","status":"publish","type":"post","link":"https:\/\/agora.xtec.cat\/esc-teresabergada\/infantil\/i3\/la-capsa-de-vida-de-la-gala\/","title":{"rendered":"La Capsa de vida de la Gala"},"content":{"rendered":"<p><a href=\"https:\/\/drive.google.com\/drive\/folders\/1wOaICPABrFfdDq1cTB3M73LuyAnzwWiQ?usp=sharing\"><img loading=\"lazy\" decoding=\"async\" class=\" wp-image-8295 aligncenter\" src=\"https:\/\/agora.xtec.cat\/esc-teresabergada\/wp-content\/uploads\/usu1533\/2021\/01\/GALA-1024x819.jpg\" alt=\"\" width=\"670\" height=\"535\" \/><\/a><\/p>\n<p>La capsa de vida de la Gala, una capsa de fusta, amb una petita tanca, decorada amb fotografies des qu\u00e8 va n\u00e8ixer fins ara i vernissada amb un toc d&#8217;envelliment. Una capsa preciosa amb uns tresors encara m\u00e9s bonics. Tots els objectes que anava treient la Gala, port\u00e0ven un petit escrit i una fotografia per situar i contextualitzar; ens ha anat molt b\u00e9 per complementar les seves explicacions.<\/p>\n<p>Ha dut un quadret on es veien les empremtes de la m\u00e0 i del peu de la Gala quan va n\u00e8ixer. la veritat \u00e9s que \u00e9ren molt petites en comparaci\u00f3 amb la m\u00e0 i el peu d&#8217;ara que, per cert, hem pogut veure amb empremtes fetes amb pintura. Tamb\u00e9 ens ha ensenyat el primer peluix que li van regalar i sempre ha tingut una predilecci\u00f3 especial pel conillet. La pinceta del cord\u00f3 umbilical ens ha sorpr\u00e9s, sobretot quan hem vist les fotografies on es veu enganxat al seu. Tamb\u00e9 ens ha sorpr\u00e9s molt que li caigu\u00e9s amb m\u00e9s de 40 dies, tal com diu la Gala &#8220;va costar molt de caure&#8221;. I , finalment, ha estat sorprenent veure la Gala tan petitona amb el cintur\u00f3 del seient de l&#8217;avi\u00f3 per anar a Mallorca a veure els padrins. Aquestes fotos an\u00e0ven amb el bitllet per poder pujar a l&#8217;aci\u00f3. \u00c9s clar, a Mallorca, no s&#8217;hi pot anar en cotxe! Tot fant\u00e0sticament explicat per la Gala. Moltes gr\u00e0cies per tantes coses xules.<\/p>\n<p><em>Si voleu veure els millors moments de l&#8217;exposici\u00f3, cliqueu a la foto principal.<\/em><\/p>\n","protected":false},"excerpt":{"rendered":"<p><a href=\"https:\/\/drive.google.com\/drive\/folders\/1wOaICPABrFfdDq1cTB3M73LuyAnzwWiQ?usp=sharing\"><\/a><br \/>\nLa capsa de vida de la Gala, una capsa de fusta, amb una petita tanca, decorada amb fotografies des qu\u00e8 va n\u00e8ixer fins ara i vernissada amb un toc d&#8217;envelliment. Una capsa preciosa amb uns tresors encara m\u00e9s bonics. Tots els objectes que anava&hellip;  <a href=\"https:\/\/agora.xtec.cat\/esc-teresabergada\/infantil\/i3\/la-capsa-de-vida-de-la-gala\/\" title=\"Read La Capsa de vida de la Gala\">Llegeix m\u00e9s\u00bb<\/a><\/p>\n","protected":false},"author":12,"featured_media":0,"comment_status":"open","ping_status":"closed","sticky":false,"template":"","format":"standard","meta":{"_bbp_topic_count":0,"_bbp_reply_count":0,"_bbp_total_topic_count":0,"_bbp_total_reply_count":0,"_bbp_voice_count":0,"_bbp_anonymous_reply_count":0,"_bbp_topic_count_hidden":0,"_bbp_reply_count_hidden":0,"_bbp_forum_subforum_count":0,"footnotes":""},"categories":[515],"tags":[317,121],"class_list":["post-8294","post","type-post","status-publish","format-standard","hentry","category-i3","tag-capses-de-vida","tag-educacio-infantil"],"post_mailing_queue_ids":[],"_links":{"self":[{"href":"https:\/\/agora.xtec.cat\/esc-teresabergada\/wp-json\/wp\/v2\/posts\/8294","targetHints":{"allow":["GET"]}}],"collection":[{"href":"https:\/\/agora.xtec.cat\/esc-teresabergada\/wp-json\/wp\/v2\/posts"}],"about":[{"href":"https:\/\/agora.xtec.cat\/esc-teresabergada\/wp-json\/wp\/v2\/types\/post"}],"author":[{"embeddable":true,"href":"https:\/\/agora.xtec.cat\/esc-teresabergada\/wp-json\/wp\/v2\/users\/12"}],"replies":[{"embeddable":true,"href":"https:\/\/agora.xtec.cat\/esc-teresabergada\/wp-json\/wp\/v2\/comments?post=8294"}],"version-history":[{"count":2,"href":"https:\/\/agora.xtec.cat\/esc-teresabergada\/wp-json\/wp\/v2\/posts\/8294\/revisions"}],"predecessor-version":[{"id":8301,"href":"https:\/\/agora.xtec.cat\/esc-teresabergada\/wp-json\/wp\/v2\/posts\/8294\/revisions\/8301"}],"wp:attachment":[{"href":"https:\/\/agora.xtec.cat\/esc-teresabergada\/wp-json\/wp\/v2\/media?parent=8294"}],"wp:term":[{"taxonomy":"category","embeddable":true,"href":"https:\/\/agora.xtec.cat\/esc-teresabergada\/wp-json\/wp\/v2\/categories?post=8294"},{"taxonomy":"post_tag","embeddable":true,"href":"https:\/\/agora.xtec.cat\/esc-teresabergada\/wp-json\/wp\/v2\/tags?post=8294"}],"curies":[{"name":"wp","href":"https:\/\/api.w.org\/{rel}","templated":true}]}}