{"id":8272,"date":"2021-01-18T17:02:34","date_gmt":"2021-01-18T16:02:34","guid":{"rendered":"http:\/\/agora.xtec.cat\/esc-teresabergada\/?p=8272"},"modified":"2021-01-18T17:02:34","modified_gmt":"2021-01-18T16:02:34","slug":"projecte-aficions-compartides","status":"publish","type":"post","link":"https:\/\/agora.xtec.cat\/esc-teresabergada\/infantil\/i5\/projecte-aficions-compartides\/","title":{"rendered":"Projecte aficions compartides"},"content":{"rendered":"<p>Avui hem iniciat el projecte de les aficions compartides. La Berta ens ha explicat que l&#8217;afici\u00f3 que tenen \u00e9s anar amb caravana, anar amb bicicleta, anar al c\u00e0mping i moltes coses m\u00e9s.<\/p>\n<p><a href=\"https:\/\/agora.xtec.cat\/esc-teresabergada\/wp-content\/uploads\/usu1533\/2021\/01\/IMG_8791.jpg\"><img loading=\"lazy\" decoding=\"async\" class=\"alignnone size-full wp-image-8273\" src=\"https:\/\/agora.xtec.cat\/esc-teresabergada\/wp-content\/uploads\/usu1533\/2021\/01\/IMG_8791.jpg\" alt=\"\" width=\"750\" height=\"808\" \/><\/a> <a href=\"https:\/\/agora.xtec.cat\/esc-teresabergada\/wp-content\/uploads\/usu1533\/2021\/01\/IMG_8790.jpg\"><img loading=\"lazy\" decoding=\"async\" class=\"alignnone size-large wp-image-8274\" src=\"https:\/\/agora.xtec.cat\/esc-teresabergada\/wp-content\/uploads\/usu1533\/2021\/01\/IMG_8790.jpg\" alt=\"\" width=\"742\" height=\"852\" \/><\/a> <a href=\"https:\/\/agora.xtec.cat\/esc-teresabergada\/wp-content\/uploads\/usu1533\/2021\/01\/IMG_8789.jpg\"><img loading=\"lazy\" decoding=\"async\" class=\"alignnone size-large wp-image-8275\" src=\"https:\/\/agora.xtec.cat\/esc-teresabergada\/wp-content\/uploads\/usu1533\/2021\/01\/IMG_8789.jpg\" alt=\"\" width=\"750\" height=\"800\" \/><\/a> <a href=\"https:\/\/agora.xtec.cat\/esc-teresabergada\/wp-content\/uploads\/usu1533\/2021\/01\/IMG_8788.jpg\"><img loading=\"lazy\" decoding=\"async\" class=\"alignnone size-large wp-image-8276\" src=\"https:\/\/agora.xtec.cat\/esc-teresabergada\/wp-content\/uploads\/usu1533\/2021\/01\/IMG_8788.jpg\" alt=\"\" width=\"749\" height=\"783\" \/><\/a><\/p>\n","protected":false},"excerpt":{"rendered":"<p>Avui hem iniciat el projecte de les aficions compartides. La Berta ens ha explicat que l&#8217;afici\u00f3 que tenen \u00e9s anar amb caravana, anar amb bicicleta, anar al c\u00e0mping i moltes coses m\u00e9s.<br \/>\n<a href=\"https:\/\/agora.xtec.cat\/esc-teresabergada\/wp-content\/uploads\/usu1533\/2021\/01\/IMG_8791.jpg\"><\/a> <a href=\"https:\/\/agora.xtec.cat\/esc-teresabergada\/wp-content\/uploads\/usu1533\/2021\/01\/IMG_8790.jpg\"><\/a> <a href=\"https:\/\/agora.xtec.cat\/esc-teresabergada\/wp-content\/uploads\/usu1533\/2021\/01\/IMG_8789.jpg\"><\/a> <a href=\"https:\/\/agora.xtec.cat\/esc-teresabergada\/wp-content\/uploads\/usu1533\/2021\/01\/IMG_8788.jpg\"><\/a><\/p>\n","protected":false},"author":1,"featured_media":0,"comment_status":"open","ping_status":"closed","sticky":false,"template":"","format":"standard","meta":{"_bbp_topic_count":0,"_bbp_reply_count":0,"_bbp_total_topic_count":0,"_bbp_total_reply_count":0,"_bbp_voice_count":0,"_bbp_anonymous_reply_count":0,"_bbp_topic_count_hidden":0,"_bbp_reply_count_hidden":0,"_bbp_forum_subforum_count":0,"footnotes":""},"categories":[251],"tags":[],"class_list":["post-8272","post","type-post","status-publish","format-standard","hentry","category-i5"],"post_mailing_queue_ids":[],"_links":{"self":[{"href":"https:\/\/agora.xtec.cat\/esc-teresabergada\/wp-json\/wp\/v2\/posts\/8272","targetHints":{"allow":["GET"]}}],"collection":[{"href":"https:\/\/agora.xtec.cat\/esc-teresabergada\/wp-json\/wp\/v2\/posts"}],"about":[{"href":"https:\/\/agora.xtec.cat\/esc-teresabergada\/wp-json\/wp\/v2\/types\/post"}],"author":[{"embeddable":true,"href":"https:\/\/agora.xtec.cat\/esc-teresabergada\/wp-json\/wp\/v2\/users\/1"}],"replies":[{"embeddable":true,"href":"https:\/\/agora.xtec.cat\/esc-teresabergada\/wp-json\/wp\/v2\/comments?post=8272"}],"version-history":[{"count":1,"href":"https:\/\/agora.xtec.cat\/esc-teresabergada\/wp-json\/wp\/v2\/posts\/8272\/revisions"}],"predecessor-version":[{"id":8277,"href":"https:\/\/agora.xtec.cat\/esc-teresabergada\/wp-json\/wp\/v2\/posts\/8272\/revisions\/8277"}],"wp:attachment":[{"href":"https:\/\/agora.xtec.cat\/esc-teresabergada\/wp-json\/wp\/v2\/media?parent=8272"}],"wp:term":[{"taxonomy":"category","embeddable":true,"href":"https:\/\/agora.xtec.cat\/esc-teresabergada\/wp-json\/wp\/v2\/categories?post=8272"},{"taxonomy":"post_tag","embeddable":true,"href":"https:\/\/agora.xtec.cat\/esc-teresabergada\/wp-json\/wp\/v2\/tags?post=8272"}],"curies":[{"name":"wp","href":"https:\/\/api.w.org\/{rel}","templated":true}]}}