{"id":8255,"date":"2021-01-17T18:41:20","date_gmt":"2021-01-17T17:41:20","guid":{"rendered":"http:\/\/agora.xtec.cat\/esc-teresabergada\/?p=8255"},"modified":"2021-01-18T09:05:15","modified_gmt":"2021-01-18T08:05:15","slug":"la-linia-de-la-vida-de-la-melany","status":"publish","type":"post","link":"https:\/\/agora.xtec.cat\/esc-teresabergada\/general\/la-linia-de-la-vida-de-la-melany\/","title":{"rendered":"LA L\u00cdNIA DE LA VIDA DE LA MELANY"},"content":{"rendered":"<p>&nbsp;<\/p>\n<p><a href=\"https:\/\/drive.google.com\/drive\/folders\/1kX8_jxlG93n6EwBqv1KY2kRoq1EkGMET?usp=sharing\"><img loading=\"lazy\" decoding=\"async\" class=\"alignnone size-large wp-image-8256\" src=\"https:\/\/agora.xtec.cat\/esc-teresabergada\/wp-content\/uploads\/usu1533\/2021\/01\/Melany-1024x1024.png\" alt=\"\" width=\"1024\" height=\"1024\" \/><\/a><\/p>\n<p>Aquesta setmana la Melany ens ha presentat la seva L\u00ednia de la Vida. Hem mirat el v\u00eddeo que ens havia preparat amb molta atenci\u00f3 i despr\u00e9s li hem fet preguntes sobre les seves an\u00e8cdotes i li hem dit quins han estat els moments que m\u00e9s ens han agradat.<\/p>\n<p>La Melany va n\u00e9ixer en plena primavera l&#8217;any 2016. Quan tenia 1 any li encantava jugar, sobretot amb ninots de peluix. De l&#8217;any 2018 tamb\u00e9 recorda la nevada que va haver-hi i ens ha ensenyat molt orgullosa la seva palma, tota rosa i molt bonica! Quina sort va tenir la Melany, aquell any el Pare Noel la va anar a veure a casa seva, wow!!! L&#8217;any 2019 va comen\u00e7ar a l&#8217;escola, moment molt important de la seva vida i ens va explicar que aqu\u00ed va con\u00e8ixer els que avui s\u00f3n els seus amics i amigues. L&#8217;any que la Melany ha complert els 4 anys, el 2020, ha gaudit del seu entorn: la platja, l&#8217;hort del pare, excursions&#8230;i el dia de Halloween es va convertir en un esquelet molt simp\u00e0tic!<\/p>\n<p>Al acabar, vam decidir entre tots continuar amb la idea que ens va donar l&#8217;Alba de posar una can\u00e7\u00f3, i la Melany va triar la de la Bella i la Bestia \ud83d\ude42<\/p>\n<p>Moltes gr\u00e0cies Melany!<\/p>\n<p>Ens agrada molt compartir aquestes estones plegats.<\/p>\n<p><em>Cliqueu la imatge principal per veure m\u00e9s fotografies.\u00a0<\/em><\/p>\n<p>&nbsp;<\/p>\n","protected":false},"excerpt":{"rendered":"<p>&nbsp;<br \/>\n<a href=\"https:\/\/drive.google.com\/drive\/folders\/1kX8_jxlG93n6EwBqv1KY2kRoq1EkGMET?usp=sharing\"><\/a><br \/>\nAquesta setmana la Melany ens ha presentat la seva L\u00ednia de la Vida. Hem mirat el v\u00eddeo que ens havia preparat amb molta atenci\u00f3 i despr\u00e9s li hem fet preguntes sobre les seves an\u00e8cdotes i li hem dit quins han estat els moments que&hellip;  <a href=\"https:\/\/agora.xtec.cat\/esc-teresabergada\/general\/la-linia-de-la-vida-de-la-melany\/\" title=\"Read LA L\u00cdNIA DE LA VIDA DE LA MELANY\">Llegeix m\u00e9s\u00bb<\/a><\/p>\n","protected":false},"author":1,"featured_media":0,"comment_status":"open","ping_status":"closed","sticky":false,"template":"","format":"standard","meta":{"_bbp_topic_count":0,"_bbp_reply_count":0,"_bbp_total_topic_count":0,"_bbp_total_reply_count":0,"_bbp_voice_count":0,"_bbp_anonymous_reply_count":0,"_bbp_topic_count_hidden":0,"_bbp_reply_count_hidden":0,"_bbp_forum_subforum_count":0,"footnotes":""},"categories":[1,236,2],"tags":[],"class_list":["post-8255","post","type-post","status-publish","format-standard","hentry","category-general","category-i4","category-infantil"],"post_mailing_queue_ids":[],"_links":{"self":[{"href":"https:\/\/agora.xtec.cat\/esc-teresabergada\/wp-json\/wp\/v2\/posts\/8255","targetHints":{"allow":["GET"]}}],"collection":[{"href":"https:\/\/agora.xtec.cat\/esc-teresabergada\/wp-json\/wp\/v2\/posts"}],"about":[{"href":"https:\/\/agora.xtec.cat\/esc-teresabergada\/wp-json\/wp\/v2\/types\/post"}],"author":[{"embeddable":true,"href":"https:\/\/agora.xtec.cat\/esc-teresabergada\/wp-json\/wp\/v2\/users\/1"}],"replies":[{"embeddable":true,"href":"https:\/\/agora.xtec.cat\/esc-teresabergada\/wp-json\/wp\/v2\/comments?post=8255"}],"version-history":[{"count":1,"href":"https:\/\/agora.xtec.cat\/esc-teresabergada\/wp-json\/wp\/v2\/posts\/8255\/revisions"}],"predecessor-version":[{"id":8257,"href":"https:\/\/agora.xtec.cat\/esc-teresabergada\/wp-json\/wp\/v2\/posts\/8255\/revisions\/8257"}],"wp:attachment":[{"href":"https:\/\/agora.xtec.cat\/esc-teresabergada\/wp-json\/wp\/v2\/media?parent=8255"}],"wp:term":[{"taxonomy":"category","embeddable":true,"href":"https:\/\/agora.xtec.cat\/esc-teresabergada\/wp-json\/wp\/v2\/categories?post=8255"},{"taxonomy":"post_tag","embeddable":true,"href":"https:\/\/agora.xtec.cat\/esc-teresabergada\/wp-json\/wp\/v2\/tags?post=8255"}],"curies":[{"name":"wp","href":"https:\/\/api.w.org\/{rel}","templated":true}]}}