{"id":8250,"date":"2021-01-15T07:55:53","date_gmt":"2021-01-15T06:55:53","guid":{"rendered":"http:\/\/agora.xtec.cat\/esc-teresabergada\/?p=8250"},"modified":"2021-01-15T07:55:53","modified_gmt":"2021-01-15T06:55:53","slug":"la-capsa-de-vida-de-la-bianca","status":"publish","type":"post","link":"https:\/\/agora.xtec.cat\/esc-teresabergada\/infantil\/i3\/la-capsa-de-vida-de-la-bianca\/","title":{"rendered":"La Capsa de vida de la Bianca"},"content":{"rendered":"<p style=\"text-align: center\"><a href=\"https:\/\/drive.google.com\/drive\/folders\/1NhqIUtEcTkFuBg965BhMXxWaErFPgfmA?usp=sharing\"><img loading=\"lazy\" decoding=\"async\" class=\"alignnone wp-image-8251\" src=\"https:\/\/agora.xtec.cat\/esc-teresabergada\/wp-content\/uploads\/usu1533\/2021\/01\/BIANCA-1024x819.jpg\" alt=\"\" width=\"645\" height=\"515\" \/><\/a><\/p>\n<p>La Bianca ens ha portat una capsa molt decorada amb elements del seu gust,\u00a0 com ara papallones i brillantets. Estava molt emocionada en el moment d&#8217;exposar els seus tresors m\u00e9s significatius. El seu germ\u00e0 ha redactat el text explicatiu del significat dels elements i ens ha anat molt b\u00e9 per entendre la seva petita hist\u00f2ria.<\/p>\n<p>L&#8217;osset Lul\u00fa, &#8220;beb\u00e9 oso&#8221; segons la Bianca, era de la seva mare quan era petita i, l&#8217;\u00e0via de la Bianca, li va regalar en l&#8217;\u00faltima viatge que va fer a Rumania. Es tracta d&#8217;un tendre record de l&#8217;avia tamb\u00e9. Ens l&#8217;ha mostrat amb molta il\u00b7lusi\u00f3 i ens hem adonat del valor personal que t\u00e9 aquest peluix. Tamb\u00e9 portava la primera nina que li van regalar, amb el cabell arrissat com ella.<\/p>\n<p>El tercer element \u00e9s un record molt entranyable perqu\u00e8 \u00e9s el vestit del seu bateig. No \u00e9s un vestit qualsevol, \u00e9s el vestit t\u00edpic de Rumania per\u00f2 petit com era ella, en aquell moment. El conjunt est\u00e8 format per una faldilla, un blusa, un xalec un mocador, una bosseta i uns pe\u00fccs, tot amb decoracions i colors molts vistosos.<\/p>\n<p>Moltes gr\u00e0cies a la fam\u00edlia i en especial a l&#8217;\u00c0lex per redactar amb estimaci\u00f3 l&#8217;explicaci\u00f3 dels objectes. Un pet\u00f3 tamb\u00e9, Alex i Bianca.<\/p>\n<p><em>Podeu clicar la fotografia principal per veure els millors moments de l&#8217;exposcici\u00f3.<\/em><\/p>\n","protected":false},"excerpt":{"rendered":"<p><a href=\"https:\/\/drive.google.com\/drive\/folders\/1NhqIUtEcTkFuBg965BhMXxWaErFPgfmA?usp=sharing\"><\/a><br \/>\nLa Bianca ens ha portat una capsa molt decorada amb elements del seu gust,\u00a0 com ara papallones i brillantets. Estava molt emocionada en el moment d&#8217;exposar els seus tresors m\u00e9s significatius. El seu germ\u00e0 ha redactat el text explicatiu del significat dels elements i&hellip;  <a href=\"https:\/\/agora.xtec.cat\/esc-teresabergada\/infantil\/i3\/la-capsa-de-vida-de-la-bianca\/\" title=\"Read La Capsa de vida de la Bianca\">Llegeix m\u00e9s\u00bb<\/a><\/p>\n","protected":false},"author":12,"featured_media":0,"comment_status":"open","ping_status":"closed","sticky":false,"template":"","format":"standard","meta":{"_bbp_topic_count":0,"_bbp_reply_count":0,"_bbp_total_topic_count":0,"_bbp_total_reply_count":0,"_bbp_voice_count":0,"_bbp_anonymous_reply_count":0,"_bbp_topic_count_hidden":0,"_bbp_reply_count_hidden":0,"_bbp_forum_subforum_count":0,"footnotes":""},"categories":[515],"tags":[317,121],"class_list":["post-8250","post","type-post","status-publish","format-standard","hentry","category-i3","tag-capses-de-vida","tag-educacio-infantil"],"post_mailing_queue_ids":[],"_links":{"self":[{"href":"https:\/\/agora.xtec.cat\/esc-teresabergada\/wp-json\/wp\/v2\/posts\/8250","targetHints":{"allow":["GET"]}}],"collection":[{"href":"https:\/\/agora.xtec.cat\/esc-teresabergada\/wp-json\/wp\/v2\/posts"}],"about":[{"href":"https:\/\/agora.xtec.cat\/esc-teresabergada\/wp-json\/wp\/v2\/types\/post"}],"author":[{"embeddable":true,"href":"https:\/\/agora.xtec.cat\/esc-teresabergada\/wp-json\/wp\/v2\/users\/12"}],"replies":[{"embeddable":true,"href":"https:\/\/agora.xtec.cat\/esc-teresabergada\/wp-json\/wp\/v2\/comments?post=8250"}],"version-history":[{"count":1,"href":"https:\/\/agora.xtec.cat\/esc-teresabergada\/wp-json\/wp\/v2\/posts\/8250\/revisions"}],"predecessor-version":[{"id":8252,"href":"https:\/\/agora.xtec.cat\/esc-teresabergada\/wp-json\/wp\/v2\/posts\/8250\/revisions\/8252"}],"wp:attachment":[{"href":"https:\/\/agora.xtec.cat\/esc-teresabergada\/wp-json\/wp\/v2\/media?parent=8250"}],"wp:term":[{"taxonomy":"category","embeddable":true,"href":"https:\/\/agora.xtec.cat\/esc-teresabergada\/wp-json\/wp\/v2\/categories?post=8250"},{"taxonomy":"post_tag","embeddable":true,"href":"https:\/\/agora.xtec.cat\/esc-teresabergada\/wp-json\/wp\/v2\/tags?post=8250"}],"curies":[{"name":"wp","href":"https:\/\/api.w.org\/{rel}","templated":true}]}}