{"id":8249,"date":"2021-01-15T13:00:48","date_gmt":"2021-01-15T12:00:48","guid":{"rendered":"http:\/\/agora.xtec.cat\/esc-teresabergada\/?p=8249"},"modified":"2021-01-15T14:52:45","modified_gmt":"2021-01-15T13:52:45","slug":"la-linia-de-la-vida-de-lalba","status":"publish","type":"post","link":"https:\/\/agora.xtec.cat\/esc-teresabergada\/general\/la-linia-de-la-vida-de-lalba\/","title":{"rendered":"LA L\u00cdNIA DE LA VIDA DE L&#8217;ALBA"},"content":{"rendered":"<p><a href=\"https:\/\/drive.google.com\/drive\/folders\/1-Pv8G1OFsyvsPfI4Ga5rhRnSyxI-yFS5?usp=sharing\"><img loading=\"lazy\" decoding=\"async\" class=\"alignnone size-large wp-image-8253\" src=\"https:\/\/agora.xtec.cat\/esc-teresabergada\/wp-content\/uploads\/usu1533\/2021\/01\/la-l\u00ednia-de-a-vida-1024x1024.png\" alt=\"\" width=\"1024\" height=\"1024\" \/><\/a><\/p>\n<p>Comencem amb les presentacions de la L\u00ednia de la Vida, projecte principal d&#8217;aquest curs. Adaptat a la situaci\u00f3 actual, per\u00f2 amb la mateixa il\u00b7lusi\u00f3.<\/p>\n<p>L&#8217;Alba ha estat la primera a presentar-nos la seva L\u00ednia de la Vida. Ten\u00edem moltes ganes de comen\u00e7ar i hem estat tots molt atents al v\u00eddeo que ens havia preparat.<\/p>\n<p>L\u2019Alba ens ha compartit i explicat els seus esdeveniments importants. Va n\u00e9ixer a l\u2019abril de l\u2019any 2016 i el seu germ\u00e0 Roger va estar\u00a0 molt content. Al 2017, l\u2019Alba va comen\u00e7ar a la llar d\u2019infants i al 2018 va nevar!! Aix\u00f2 ens ha agradat molt, perqu\u00e8 fa uns dies vam poder gaudir de la neu de nou. Ens ha cridat molt l\u2019atenci\u00f3 el calendari que va utilitzar l\u2019Alba per aprendre a fer pip\u00ed, li sortien estrelletes de premi. L\u2019any 2019 es va trencar el bra\u00e7 perqu\u00e8 va caure, per\u00f2 per sort es va curar molt r\u00e0pid! De l\u2019any 2020 ens ha explicat que ha fet moltes coses a casa: cuinar, jugar, passar temps amb fam\u00edlia i ballar!!! Quina sorpresa, al final del v\u00eddeo ens ha cantat la can\u00e7\u00f3 \u201cDe ellos aprend\u00ed\u201d i ens ha agrada tant que l\u2019hem posat a la pissarra i l\u2019hem cantat i ballat tots junts!<\/p>\n<p>Moltes gr\u00e0cies Alba per fer-nos gaudir amb la teva hist\u00f2ria de vida!<\/p>\n<p><em>Cliqueu la imatge principal per veure m\u00e9s fotografies. <\/em><\/p>\n","protected":false},"excerpt":{"rendered":"<p><a href=\"https:\/\/drive.google.com\/drive\/folders\/1-Pv8G1OFsyvsPfI4Ga5rhRnSyxI-yFS5?usp=sharing\"><\/a><br \/>\nComencem amb les presentacions de la L\u00ednia de la Vida, projecte principal d&#8217;aquest curs. Adaptat a la situaci\u00f3 actual, per\u00f2 amb la mateixa il\u00b7lusi\u00f3.<br \/>\nL&#8217;Alba ha estat la primera a presentar-nos la seva L\u00ednia de la Vida. Ten\u00edem moltes ganes de comen\u00e7ar i hem estat&hellip;  <a href=\"https:\/\/agora.xtec.cat\/esc-teresabergada\/general\/la-linia-de-la-vida-de-lalba\/\" title=\"Read LA L\u00cdNIA DE LA VIDA DE L&#8217;ALBA\">Llegeix m\u00e9s\u00bb<\/a><\/p>\n","protected":false},"author":1,"featured_media":0,"comment_status":"open","ping_status":"closed","sticky":false,"template":"","format":"standard","meta":{"_bbp_topic_count":0,"_bbp_reply_count":0,"_bbp_total_topic_count":0,"_bbp_total_reply_count":0,"_bbp_voice_count":0,"_bbp_anonymous_reply_count":0,"_bbp_topic_count_hidden":0,"_bbp_reply_count_hidden":0,"_bbp_forum_subforum_count":0,"footnotes":""},"categories":[1,236,2],"tags":[],"class_list":["post-8249","post","type-post","status-publish","format-standard","hentry","category-general","category-i4","category-infantil"],"post_mailing_queue_ids":[],"_links":{"self":[{"href":"https:\/\/agora.xtec.cat\/esc-teresabergada\/wp-json\/wp\/v2\/posts\/8249","targetHints":{"allow":["GET"]}}],"collection":[{"href":"https:\/\/agora.xtec.cat\/esc-teresabergada\/wp-json\/wp\/v2\/posts"}],"about":[{"href":"https:\/\/agora.xtec.cat\/esc-teresabergada\/wp-json\/wp\/v2\/types\/post"}],"author":[{"embeddable":true,"href":"https:\/\/agora.xtec.cat\/esc-teresabergada\/wp-json\/wp\/v2\/users\/1"}],"replies":[{"embeddable":true,"href":"https:\/\/agora.xtec.cat\/esc-teresabergada\/wp-json\/wp\/v2\/comments?post=8249"}],"version-history":[{"count":1,"href":"https:\/\/agora.xtec.cat\/esc-teresabergada\/wp-json\/wp\/v2\/posts\/8249\/revisions"}],"predecessor-version":[{"id":8254,"href":"https:\/\/agora.xtec.cat\/esc-teresabergada\/wp-json\/wp\/v2\/posts\/8249\/revisions\/8254"}],"wp:attachment":[{"href":"https:\/\/agora.xtec.cat\/esc-teresabergada\/wp-json\/wp\/v2\/media?parent=8249"}],"wp:term":[{"taxonomy":"category","embeddable":true,"href":"https:\/\/agora.xtec.cat\/esc-teresabergada\/wp-json\/wp\/v2\/categories?post=8249"},{"taxonomy":"post_tag","embeddable":true,"href":"https:\/\/agora.xtec.cat\/esc-teresabergada\/wp-json\/wp\/v2\/tags?post=8249"}],"curies":[{"name":"wp","href":"https:\/\/api.w.org\/{rel}","templated":true}]}}