{"id":8244,"date":"2021-01-12T23:53:56","date_gmt":"2021-01-12T22:53:56","guid":{"rendered":"http:\/\/agora.xtec.cat\/esc-teresabergada\/?p=8244"},"modified":"2021-01-13T00:08:36","modified_gmt":"2021-01-12T23:08:36","slug":"la-capsa-de-vida-del-kilian","status":"publish","type":"post","link":"https:\/\/agora.xtec.cat\/esc-teresabergada\/infantil\/i3\/la-capsa-de-vida-del-kilian\/","title":{"rendered":"La Capsa de vida del Kilian"},"content":{"rendered":"<p style=\"text-align: center\"><a href=\"https:\/\/drive.google.com\/drive\/folders\/1BbhrUSmJkuYpQRKVCZ5YgoS-BNpHls_X?usp=sharing\"><img loading=\"lazy\" decoding=\"async\" class=\"alignnone wp-image-8245\" src=\"https:\/\/agora.xtec.cat\/esc-teresabergada\/wp-content\/uploads\/usu1533\/2021\/01\/MARIONA-7-1024x819.jpg\" alt=\"\" width=\"611\" height=\"490\" \/><\/a><\/p>\n<p>Avui el Kilian ens ha presentat la Capsa de vida, amb moltes ganes d&#8217;explicar els seus tresors. El pares ens han escrit la seva explicaci\u00f3 en unes fotos representatives dels objectes importants.<\/p>\n<p>Quins tresors m\u00e9s significatius pel Kilian!. Els primers mitjons que va tenir es veuen petit\u00edssims, per\u00f2 diuen els pares que encara li anaven una mica grans i tot. Es veu molt clar que ha crescut molt , fins i tot li anaven b\u00e9 a la nina. Tamb\u00e9 li ha fet molta gr\u00e0cia ensenyar el\u00a0 xumet que tant b\u00e9 li anava per tranquil\u00b7litzar-se i la seva estimada manteta que sempre l&#8217;acompanya en moments de pau.<\/p>\n<p>Finalment ens ha mostrat una s\u00faper medalla com a representaci\u00f3 de la seva afici\u00f3 a fer curses. De fet, la seva primera cursa la va fer de ben petit, amb un any i mig. A la cursa de l&#8217;Aeropor d&#8217;Alguaire, hi va participar amb la Gala i ho van fer moooolt b\u00e9. Tot un esportista que hi vol tornar tant aviat com passi tota aquesta pand\u00e8mia mundial. Desitgem que sigui aviat, Kilian. Gr\u00e0cies per la bona estona.<\/p>\n<p><em>Si voleu veure les fotos m\u00e9s importants, cliqueu a la foto principal.<\/em><\/p>\n","protected":false},"excerpt":{"rendered":"<p><a href=\"https:\/\/drive.google.com\/drive\/folders\/1BbhrUSmJkuYpQRKVCZ5YgoS-BNpHls_X?usp=sharing\"><\/a><br \/>\nAvui el Kilian ens ha presentat la Capsa de vida, amb moltes ganes d&#8217;explicar els seus tresors. El pares ens han escrit la seva explicaci\u00f3 en unes fotos representatives dels objectes importants.<br \/>\nQuins tresors m\u00e9s significatius pel Kilian!. Els primers mitjons que va tenir es&hellip;  <a href=\"https:\/\/agora.xtec.cat\/esc-teresabergada\/infantil\/i3\/la-capsa-de-vida-del-kilian\/\" title=\"Read La Capsa de vida del Kilian\">Llegeix m\u00e9s\u00bb<\/a><\/p>\n","protected":false},"author":12,"featured_media":0,"comment_status":"open","ping_status":"closed","sticky":false,"template":"","format":"standard","meta":{"_bbp_topic_count":0,"_bbp_reply_count":0,"_bbp_total_topic_count":0,"_bbp_total_reply_count":0,"_bbp_voice_count":0,"_bbp_anonymous_reply_count":0,"_bbp_topic_count_hidden":0,"_bbp_reply_count_hidden":0,"_bbp_forum_subforum_count":0,"footnotes":""},"categories":[515],"tags":[317,121,70],"class_list":["post-8244","post","type-post","status-publish","format-standard","hentry","category-i3","tag-capses-de-vida","tag-educacio-infantil","tag-projecte"],"post_mailing_queue_ids":[],"_links":{"self":[{"href":"https:\/\/agora.xtec.cat\/esc-teresabergada\/wp-json\/wp\/v2\/posts\/8244","targetHints":{"allow":["GET"]}}],"collection":[{"href":"https:\/\/agora.xtec.cat\/esc-teresabergada\/wp-json\/wp\/v2\/posts"}],"about":[{"href":"https:\/\/agora.xtec.cat\/esc-teresabergada\/wp-json\/wp\/v2\/types\/post"}],"author":[{"embeddable":true,"href":"https:\/\/agora.xtec.cat\/esc-teresabergada\/wp-json\/wp\/v2\/users\/12"}],"replies":[{"embeddable":true,"href":"https:\/\/agora.xtec.cat\/esc-teresabergada\/wp-json\/wp\/v2\/comments?post=8244"}],"version-history":[{"count":3,"href":"https:\/\/agora.xtec.cat\/esc-teresabergada\/wp-json\/wp\/v2\/posts\/8244\/revisions"}],"predecessor-version":[{"id":8247,"href":"https:\/\/agora.xtec.cat\/esc-teresabergada\/wp-json\/wp\/v2\/posts\/8244\/revisions\/8247"}],"wp:attachment":[{"href":"https:\/\/agora.xtec.cat\/esc-teresabergada\/wp-json\/wp\/v2\/media?parent=8244"}],"wp:term":[{"taxonomy":"category","embeddable":true,"href":"https:\/\/agora.xtec.cat\/esc-teresabergada\/wp-json\/wp\/v2\/categories?post=8244"},{"taxonomy":"post_tag","embeddable":true,"href":"https:\/\/agora.xtec.cat\/esc-teresabergada\/wp-json\/wp\/v2\/tags?post=8244"}],"curies":[{"name":"wp","href":"https:\/\/api.w.org\/{rel}","templated":true}]}}