{"id":8238,"date":"2021-01-12T20:59:08","date_gmt":"2021-01-12T19:59:08","guid":{"rendered":"http:\/\/agora.xtec.cat\/esc-teresabergada\/?p=8238"},"modified":"2021-01-12T20:59:08","modified_gmt":"2021-01-12T19:59:08","slug":"la-capsa-de-vida-de-leric","status":"publish","type":"post","link":"https:\/\/agora.xtec.cat\/esc-teresabergada\/infantil\/i3\/la-capsa-de-vida-de-leric\/","title":{"rendered":"La Capsa de vida de l&#8217;\u00c8ric"},"content":{"rendered":"<p style=\"text-align: center\"><a href=\"https:\/\/drive.google.com\/drive\/folders\/1Kr9zBWFfNNJbgjCAsdMNvc7D_iE76MRE?usp=sharing\"><img loading=\"lazy\" decoding=\"async\" class=\"alignnone wp-image-8239\" src=\"https:\/\/agora.xtec.cat\/esc-teresabergada\/wp-content\/uploads\/usu1533\/2021\/01\/MARIONA-6-1024x819.jpg\" alt=\"\" width=\"548\" height=\"438\" \/><\/a><\/p>\n<p>L&#8217;\u00c8ric ens ha portat la primera Capsa de vida de l&#8217;any 2021. Es tracta d&#8217;una capsa mooolt gran, amb anses, plena de tresors i records significatius per l&#8217;\u00c8ric. El primer que hem vist, de la capsa, ha estat el nom tot brillant. Els pares ens han ajudat amb un escrit explicatiu de tots els objectes i hem pogut anar treient totes les coses que hi havia.<\/p>\n<p>El peluix que ja el va acompanyar des del primer minut de vida \u00e9s una papallona toveta i musical. Produeix una musica de can\u00e7\u00f3 de bressol molt agradable que, d&#8217;alguna manera, aconseguia relaxar a l&#8217;\u00c8ric quan es neguitejava. Donem fe que funciona; vam estirar el fil de la m\u00fasica i ens vam relaxar tots per uns moments. Tamb\u00e9 hi havia la seva primera corona que ha anat utilitzant durant els seus tres anys de vida, canviant el n\u00famero. I no hi podia faltar la seva primera disfressa, una de lle\u00f3 molt xula que feia molt goig quan li vam posar el cap.<\/p>\n<p>Hem pogut gaudir d&#8217;un \u00e0lbum de fotografies de diferents moments viscut per l&#8217;Eric. S&#8217;hi entret\u00e8 molt mirant-les i es pot anar ampliant. I finalment hi hem trobat tot un muntet de roba de nad\u00f3 , amb les seves sabatetes, peces que li van posar de recent nascut a l&#8217;hospital. Ll\u00e0stima que no li anessin b\u00e9 els gorrets o les sabates, per\u00f2 a la nina s\u00ed. Ens ho hem passat molt b\u00e9 i ara entenem perque la capsa \u00e9s tan gran. Gr\u00e0cies per toT.<\/p>\n<p><em>Si voleu veure les fotos dels moments m\u00e9s importants, cliqueu a la fotografia principal.<\/em><\/p>\n","protected":false},"excerpt":{"rendered":"<p><a href=\"https:\/\/drive.google.com\/drive\/folders\/1Kr9zBWFfNNJbgjCAsdMNvc7D_iE76MRE?usp=sharing\"><\/a><br \/>\nL&#8217;\u00c8ric ens ha portat la primera Capsa de vida de l&#8217;any 2021. Es tracta d&#8217;una capsa mooolt gran, amb anses, plena de tresors i records significatius per l&#8217;\u00c8ric. El primer que hem vist, de la capsa, ha estat el nom tot brillant. Els pares&hellip;  <a href=\"https:\/\/agora.xtec.cat\/esc-teresabergada\/infantil\/i3\/la-capsa-de-vida-de-leric\/\" title=\"Read La Capsa de vida de l&#8217;\u00c8ric\">Llegeix m\u00e9s\u00bb<\/a><\/p>\n","protected":false},"author":12,"featured_media":0,"comment_status":"open","ping_status":"closed","sticky":false,"template":"","format":"standard","meta":{"_bbp_topic_count":0,"_bbp_reply_count":0,"_bbp_total_topic_count":0,"_bbp_total_reply_count":0,"_bbp_voice_count":0,"_bbp_anonymous_reply_count":0,"_bbp_topic_count_hidden":0,"_bbp_reply_count_hidden":0,"_bbp_forum_subforum_count":0,"footnotes":""},"categories":[515],"tags":[317,121,70],"class_list":["post-8238","post","type-post","status-publish","format-standard","hentry","category-i3","tag-capses-de-vida","tag-educacio-infantil","tag-projecte"],"post_mailing_queue_ids":[],"_links":{"self":[{"href":"https:\/\/agora.xtec.cat\/esc-teresabergada\/wp-json\/wp\/v2\/posts\/8238","targetHints":{"allow":["GET"]}}],"collection":[{"href":"https:\/\/agora.xtec.cat\/esc-teresabergada\/wp-json\/wp\/v2\/posts"}],"about":[{"href":"https:\/\/agora.xtec.cat\/esc-teresabergada\/wp-json\/wp\/v2\/types\/post"}],"author":[{"embeddable":true,"href":"https:\/\/agora.xtec.cat\/esc-teresabergada\/wp-json\/wp\/v2\/users\/12"}],"replies":[{"embeddable":true,"href":"https:\/\/agora.xtec.cat\/esc-teresabergada\/wp-json\/wp\/v2\/comments?post=8238"}],"version-history":[{"count":3,"href":"https:\/\/agora.xtec.cat\/esc-teresabergada\/wp-json\/wp\/v2\/posts\/8238\/revisions"}],"predecessor-version":[{"id":8242,"href":"https:\/\/agora.xtec.cat\/esc-teresabergada\/wp-json\/wp\/v2\/posts\/8238\/revisions\/8242"}],"wp:attachment":[{"href":"https:\/\/agora.xtec.cat\/esc-teresabergada\/wp-json\/wp\/v2\/media?parent=8238"}],"wp:term":[{"taxonomy":"category","embeddable":true,"href":"https:\/\/agora.xtec.cat\/esc-teresabergada\/wp-json\/wp\/v2\/categories?post=8238"},{"taxonomy":"post_tag","embeddable":true,"href":"https:\/\/agora.xtec.cat\/esc-teresabergada\/wp-json\/wp\/v2\/tags?post=8238"}],"curies":[{"name":"wp","href":"https:\/\/api.w.org\/{rel}","templated":true}]}}