{"id":8188,"date":"2020-12-21T14:45:52","date_gmt":"2020-12-21T13:45:52","guid":{"rendered":"http:\/\/agora.xtec.cat\/esc-teresabergada\/?p=8188"},"modified":"2023-07-06T23:31:36","modified_gmt":"2023-07-06T21:31:36","slug":"un-nadal-diferent","status":"publish","type":"post","link":"https:\/\/agora.xtec.cat\/esc-teresabergada\/portada\/un-nadal-diferent\/","title":{"rendered":"Un Nadal diferent"},"content":{"rendered":"<p><img loading=\"lazy\" decoding=\"async\" class=\"size-medium wp-image-8189 alignleft\" src=\"https:\/\/agora.xtec.cat\/esc-teresabergada\/wp-content\/uploads\/usu1533\/2020\/12\/felicitaci\u00f3-nadal-2020_2021-300x300.jpg\" alt=\"\" width=\"300\" height=\"300\" srcset=\"https:\/\/agora.xtec.cat\/esc-teresabergada\/wp-content\/uploads\/usu1533\/2020\/12\/felicitaci\u00f3-nadal-2020_2021-300x300.jpg 300w, https:\/\/agora.xtec.cat\/esc-teresabergada\/wp-content\/uploads\/usu1533\/2020\/12\/felicitaci\u00f3-nadal-2020_2021-150x150.jpg 150w, https:\/\/agora.xtec.cat\/esc-teresabergada\/wp-content\/uploads\/usu1533\/2020\/12\/felicitaci\u00f3-nadal-2020_2021-768x768.jpg 768w, https:\/\/agora.xtec.cat\/esc-teresabergada\/wp-content\/uploads\/usu1533\/2020\/12\/felicitaci\u00f3-nadal-2020_2021-1024x1024.jpg 1024w, https:\/\/agora.xtec.cat\/esc-teresabergada\/wp-content\/uploads\/usu1533\/2020\/12\/felicitaci\u00f3-nadal-2020_2021.jpg 1920w\" sizes=\"auto, (max-width: 300px) 100vw, 300px\" \/>I aquest trimestre tan i tan especial ja t\u00e9 punt i final. Entre tots l&#8217;hem anat escrivint i guardant a la nostra motxilla, que de ben segur tindr\u00e0 la butxaca d&#8217;aquest curs 2020-2021 ben gran, per encabir-hi tot all\u00f2 viscut.<\/p>\n<p>Primer, us volem donar les gr\u00e0cies a tots els nens i nenes, i felicitar-vos perqu\u00e8 ho heu fet molt b\u00e9. Sou molt GRANS. I en segon lloc, a les fam\u00edlies, que sense el vostre recolzament aquest trimestre no hagu\u00e9s sigut el mateix.<\/p>\n<p>Com que aquest any no hem pogut gaudir del Festival de Nadal amb vosaltres, us deixem aqu\u00ed els enlla\u00e7os de les representacions dels vostres fills i filles.<\/p>\n<p>Molt Bones Festes!<\/p>\n<table style=\"height: 142px; border-style: hidden; width: 270px;\" width=\"1059\">\n<tbody>\n<tr>\n<td style=\"width: 48px; text-align: center; border-style: hidden;\"><a href=\"https:\/\/drive.google.com\/file\/d\/157OU--kZDpW1Bu0UJvvAGIAgs610VDIY\/view?usp=sharing\"><strong>P3<\/strong><\/a><\/td>\n<td style=\"width: 52px; text-align: center; border-style: hidden;\"><a href=\"https:\/\/drive.google.com\/file\/d\/15b-p9Di6vuvs-HnRja49HaXKG77huo6F\/view?usp=sharing\"><strong>P4<\/strong><\/a><\/td>\n<td style=\"width: 54px; text-align: center; border-style: hidden;\"><a href=\"https:\/\/drive.google.com\/file\/d\/1PmKdbZzOimx_5ecK3xx5Ck6o7D9fypJz\/view?usp=sharing\"><strong>P5A<\/strong><\/a><\/td>\n<td style=\"width: 54px; text-align: center; border-style: hidden;\"><a href=\"https:\/\/drive.google.com\/file\/d\/1WBpckNX5zy7qteBPsNBqzaeovpWvHXxm\/view?usp=sharing\"><strong>P5B<\/strong><\/a><\/td>\n<td style=\"width: 50px; text-align: center; border-style: hidden;\"><a href=\"https:\/\/drive.google.com\/file\/d\/13JPrhO36qqlaqsplCnB2YFc9tIA-A8lN\/view?usp=sharing\"><strong>1rA<\/strong><\/a><\/td>\n<\/tr>\n<tr>\n<td style=\"width: 48px; text-align: center; border-style: hidden;\"><a href=\"https:\/\/drive.google.com\/file\/d\/1onVdZQtjvw_hUqQ6leBvL2bSw_T5ZIcY\/view?usp=sharing\"><strong>1rB<\/strong><\/a><\/td>\n<td style=\"width: 52px; text-align: center; border-style: hidden;\"><a href=\"https:\/\/drive.google.com\/file\/d\/1_n6O7Rg2qd3G6ikqp0HdAUWJuC-c2KOg\/view?usp=sharing\"><strong>2nA<\/strong><\/a><\/td>\n<td style=\"width: 54px; text-align: center; border-style: hidden;\"><a href=\"https:\/\/drive.google.com\/file\/d\/1FfE4KCoxaYmOu62GPYJ5eSwNK54xmGbF\/view?usp=sharing\"><strong>2nB<\/strong><\/a><\/td>\n<td style=\"width: 54px; text-align: center; border-style: hidden;\"><a href=\"https:\/\/drive.google.com\/file\/d\/1KtwwOUyjY3zvJt_m92xnNfhlD1dAw-dB\/view?usp=sharing\"><strong>3rA<\/strong><\/a><\/td>\n<td style=\"width: 50px; text-align: center; border-style: hidden;\"><a href=\"https:\/\/drive.google.com\/file\/d\/1fv4FVlFa2a0U2Xor5csBtR77Ozd1on0y\/view?usp=sharing\"><strong>3rB<\/strong><\/a><\/td>\n<\/tr>\n<tr>\n<td style=\"width: 48px; text-align: center; border-style: hidden;\"><strong>4tA<\/strong><\/td>\n<td style=\"width: 52px; text-align: center; border-style: hidden;\"><strong>4tB<\/strong><\/td>\n<td style=\"width: 54px; text-align: center; border-style: hidden;\"><strong>5\u00e8A<\/strong><\/td>\n<td style=\"width: 54px; text-align: center; border-style: hidden;\"><strong>5\u00e8B<\/strong><\/td>\n<td style=\"width: 50px; text-align: center; border-style: hidden;\"><strong>6\u00e8<\/strong><\/td>\n<\/tr>\n<\/tbody>\n<\/table>\n<p>&nbsp;<\/p>\n","protected":false},"excerpt":{"rendered":"<p>I aquest trimestre tan i tan especial ja t\u00e9 punt i final. Entre tots l&#8217;hem anat escrivint i guardant a la nostra motxilla, que de ben segur tindr\u00e0 la butxaca d&#8217;aquest curs 2020-2021 ben gran, per encabir-hi tot all\u00f2 viscut.<br \/>\nPrimer, us volem donar les gr\u00e0cies&hellip;  <a href=\"https:\/\/agora.xtec.cat\/esc-teresabergada\/portada\/un-nadal-diferent\/\" title=\"Read Un Nadal diferent\">Llegeix m\u00e9s\u00bb<\/a><\/p>\n","protected":false},"author":37,"featured_media":8189,"comment_status":"open","ping_status":"closed","sticky":false,"template":"","format":"standard","meta":{"_bbp_topic_count":0,"_bbp_reply_count":0,"_bbp_total_topic_count":0,"_bbp_total_reply_count":0,"_bbp_voice_count":0,"_bbp_anonymous_reply_count":0,"_bbp_topic_count_hidden":0,"_bbp_reply_count_hidden":0,"_bbp_forum_subforum_count":0,"footnotes":""},"categories":[4],"tags":[],"class_list":["post-8188","post","type-post","status-publish","format-standard","has-post-thumbnail","hentry","category-portada"],"post_mailing_queue_ids":[],"_links":{"self":[{"href":"https:\/\/agora.xtec.cat\/esc-teresabergada\/wp-json\/wp\/v2\/posts\/8188","targetHints":{"allow":["GET"]}}],"collection":[{"href":"https:\/\/agora.xtec.cat\/esc-teresabergada\/wp-json\/wp\/v2\/posts"}],"about":[{"href":"https:\/\/agora.xtec.cat\/esc-teresabergada\/wp-json\/wp\/v2\/types\/post"}],"author":[{"embeddable":true,"href":"https:\/\/agora.xtec.cat\/esc-teresabergada\/wp-json\/wp\/v2\/users\/37"}],"replies":[{"embeddable":true,"href":"https:\/\/agora.xtec.cat\/esc-teresabergada\/wp-json\/wp\/v2\/comments?post=8188"}],"version-history":[{"count":3,"href":"https:\/\/agora.xtec.cat\/esc-teresabergada\/wp-json\/wp\/v2\/posts\/8188\/revisions"}],"predecessor-version":[{"id":11607,"href":"https:\/\/agora.xtec.cat\/esc-teresabergada\/wp-json\/wp\/v2\/posts\/8188\/revisions\/11607"}],"wp:featuredmedia":[{"embeddable":true,"href":"https:\/\/agora.xtec.cat\/esc-teresabergada\/wp-json\/wp\/v2\/media\/8189"}],"wp:attachment":[{"href":"https:\/\/agora.xtec.cat\/esc-teresabergada\/wp-json\/wp\/v2\/media?parent=8188"}],"wp:term":[{"taxonomy":"category","embeddable":true,"href":"https:\/\/agora.xtec.cat\/esc-teresabergada\/wp-json\/wp\/v2\/categories?post=8188"},{"taxonomy":"post_tag","embeddable":true,"href":"https:\/\/agora.xtec.cat\/esc-teresabergada\/wp-json\/wp\/v2\/tags?post=8188"}],"curies":[{"name":"wp","href":"https:\/\/api.w.org\/{rel}","templated":true}]}}