{"id":818,"date":"2017-02-23T13:07:12","date_gmt":"2017-02-23T12:07:12","guid":{"rendered":"http:\/\/agora.xtec.cat\/esc-teresabergada\/?p=818"},"modified":"2017-02-23T20:29:46","modified_gmt":"2017-02-23T19:29:46","slug":"concert-darpa","status":"publish","type":"post","link":"https:\/\/agora.xtec.cat\/esc-teresabergada\/general\/concert-darpa\/","title":{"rendered":"Concert d&#8217;arpa"},"content":{"rendered":"<p>Divendres va venir a l&#8217;escola la Berta Puigdemasa,una gran concertista d&#8217;arpa.Els nens i nenes de prim\u00e0ria van llegir poemes de la pau i els nensi nenes d&#8217;educaci\u00f3 infantil van cantar can\u00e7ons tradicionals i tots acompanyats<br \/>\nper l&#8217;arpa.<br \/>\nPodeu visitar la web de la Berta:<\/p>\n<p><a href=\"http:\/\/ca.bertapuigdemasa.com\/\"> www.bertapuigdemasa.com<\/a><\/p>\n\r\n\t<div class=\"slideshow_container slideshow_container_style-light\" style=\"height: 300px; \" data-slideshow-id=\"802\" data-style-name=\"style-light\" data-style-version=\"2.3.1\" >\r\n\r\n\t\t\t\t\t<div class=\"slideshow_loading_icon\"><\/div>\r\n\t\t\r\n\t\t<div class=\"slideshow_content\" style=\"display: none;\">\r\n\r\n\t\t\t<div class=\"slideshow_view\">\r\n\t<div class=\"slideshow_slide slideshow_slide_video\">\r\n\t\t<div class=\"slideshow_slide_video_id\" style=\"display: none;\" data-show-related-videos=\"0\"><\/div>\r\n\t<\/div>\r\n<div style=\"clear: both;\"><\/div><\/div><div class=\"slideshow_view\">\r\n\t<div class=\"slideshow_slide slideshow_slide_text\" style=\"background-color: #1e73be;\">\r\n\t\t\t\t<div class=\"slideshow_title\" style=\"color: #dd9933;\">\r\n\t\t\t\t\t\t\tL&#039;arpa i la pau\t\t\t\t\t<\/div>\r\n\t\t\r\n\t\t\t\t<div class=\"slideshow_description\" style=\"color: #dd9933;\">\r\n\t\t\t\t\t\t\tM\u00fasica d&#039;arpa de la Berta  Puigdemasa el dia de la pau.\t\t\t\t\t<\/div>\r\n\t\t\r\n\t\t<a  class=\"slideshow_background_anchor\"><\/a>\r\n\t<\/div>\r\n<div style=\"clear: both;\"><\/div><\/div><div class=\"slideshow_view\">\t<div style=\"clear: both;\"><\/div><\/div><div class=\"slideshow_view\">\t<div style=\"clear: both;\"><\/div><\/div><div class=\"slideshow_view\">\t<div style=\"clear: both;\"><\/div><\/div><div class=\"slideshow_view\">\t<div style=\"clear: both;\"><\/div><\/div><div class=\"slideshow_view\">\t<div style=\"clear: both;\"><\/div><\/div>\r\n\t\t<\/div>\r\n\r\n\t\t<div class=\"slideshow_controlPanel slideshow_transparent\" style=\"display: none;\"><ul><li class=\"slideshow_togglePlay\" data-play-text=\"Visualitza\" data-pause-text=\"Pausa\"><\/li><\/ul><\/div>\r\n\r\n\t\t<div class=\"slideshow_button slideshow_previous slideshow_transparent\" role=\"button\" data-previous-text=\"Anterior\" style=\"display: none;\"><\/div>\r\n\t\t<div class=\"slideshow_button slideshow_next slideshow_transparent\" role=\"button\" data-next-text=\"Seg\u00fcent\" style=\"display: none;\"><\/div>\r\n\r\n\t\t<div class=\"slideshow_pagination\" style=\"display: none;\" data-go-to-text=\"V\u00e9s a la diapositiva\"><div class=\"slideshow_pagination_center\"><\/div><\/div>\r\n\r\n\t\t<!-- WordPress Slideshow Version 2.3.1 -->\r\n\r\n\t\t\t<\/div>\r\n\r\n\n","protected":false},"excerpt":{"rendered":"<p>Divendres va venir a l&#8217;escola la Berta Puigdemasa,una gran concertista d&#8217;arpa.Els nens i nenes de prim\u00e0ria van llegir poemes de la pau i els nensi nenes d&#8217;educaci\u00f3 infantil van cantar can\u00e7ons tradicionals i tots acompanyats<br \/>\nper l&#8217;arpa.<br \/>\nPodeu visitar la web de la Berta:<br \/>\n<a href=\"http:\/\/ca.bertapuigdemasa.com\/\"> www.bertapuigdemasa.com<\/a><\/p>\n<p>\t\t\t\t\t\t\tL&#039;arpa i&hellip;  <a href=\"https:\/\/agora.xtec.cat\/esc-teresabergada\/general\/concert-darpa\/\" title=\"Read Concert d&#8217;arpa\">Llegeix m\u00e9s\u00bb<\/a><\/p>\n","protected":false},"author":1,"featured_media":0,"comment_status":"open","ping_status":"open","sticky":false,"template":"","format":"standard","meta":{"_bbp_topic_count":0,"_bbp_reply_count":0,"_bbp_total_topic_count":0,"_bbp_total_reply_count":0,"_bbp_voice_count":0,"_bbp_anonymous_reply_count":0,"_bbp_topic_count_hidden":0,"_bbp_reply_count_hidden":0,"_bbp_forum_subforum_count":0,"footnotes":""},"categories":[1,4],"tags":[147,56],"class_list":["post-818","post","type-post","status-publish","format-standard","hentry","category-general","category-portada","tag-arpa","tag-musica"],"post_mailing_queue_ids":[],"_links":{"self":[{"href":"https:\/\/agora.xtec.cat\/esc-teresabergada\/wp-json\/wp\/v2\/posts\/818","targetHints":{"allow":["GET"]}}],"collection":[{"href":"https:\/\/agora.xtec.cat\/esc-teresabergada\/wp-json\/wp\/v2\/posts"}],"about":[{"href":"https:\/\/agora.xtec.cat\/esc-teresabergada\/wp-json\/wp\/v2\/types\/post"}],"author":[{"embeddable":true,"href":"https:\/\/agora.xtec.cat\/esc-teresabergada\/wp-json\/wp\/v2\/users\/1"}],"replies":[{"embeddable":true,"href":"https:\/\/agora.xtec.cat\/esc-teresabergada\/wp-json\/wp\/v2\/comments?post=818"}],"version-history":[{"count":3,"href":"https:\/\/agora.xtec.cat\/esc-teresabergada\/wp-json\/wp\/v2\/posts\/818\/revisions"}],"predecessor-version":[{"id":838,"href":"https:\/\/agora.xtec.cat\/esc-teresabergada\/wp-json\/wp\/v2\/posts\/818\/revisions\/838"}],"wp:attachment":[{"href":"https:\/\/agora.xtec.cat\/esc-teresabergada\/wp-json\/wp\/v2\/media?parent=818"}],"wp:term":[{"taxonomy":"category","embeddable":true,"href":"https:\/\/agora.xtec.cat\/esc-teresabergada\/wp-json\/wp\/v2\/categories?post=818"},{"taxonomy":"post_tag","embeddable":true,"href":"https:\/\/agora.xtec.cat\/esc-teresabergada\/wp-json\/wp\/v2\/tags?post=818"}],"curies":[{"name":"wp","href":"https:\/\/api.w.org\/{rel}","templated":true}]}}