{"id":8151,"date":"2020-12-14T22:29:40","date_gmt":"2020-12-14T21:29:40","guid":{"rendered":"http:\/\/agora.xtec.cat\/esc-teresabergada\/?p=8151"},"modified":"2020-12-14T22:29:40","modified_gmt":"2020-12-14T21:29:40","slug":"la-capsa-de-vida-del-guillem","status":"publish","type":"post","link":"https:\/\/agora.xtec.cat\/esc-teresabergada\/infantil\/la-capsa-de-vida-del-guillem\/","title":{"rendered":"La capsa de vida del Guillem"},"content":{"rendered":"<p><a href=\"https:\/\/drive.google.com\/drive\/folders\/1LNeHGy6oPsx6N2aPa_PxyeMcXNNotE8b?usp=sharing\"><img loading=\"lazy\" decoding=\"async\" class=\"wp-image-8152 aligncenter\" src=\"https:\/\/agora.xtec.cat\/esc-teresabergada\/wp-content\/uploads\/usu1533\/2020\/12\/1-GUILLEM-1024x819.jpg\" alt=\"\" width=\"577\" height=\"462\" \/><\/a><\/p>\n<p>Avui el Guillem ens ha portat la seva capsa de la vida i ha estat tota una experi\u00e8ncia. \u00c9s una capsa preciosa, molt ben decorada i plena de sorpreses. Tot just l&#8217;ha obert, ja hem pogut veure que hi havia un llistat de tot el contingut a sota de la tapa, al costat d&#8217;una carota del Chase de La patrulla canina. Ens ha tret un \u00e0lbum de fotos molt complet amb fotografies des de quan va n\u00e8ixer. Ens ha anat explicant totes i cadascuna de les fotos. Quan ens ha mostrat la corona del seu primer aniversari ha estat espectacular, dedicada al Mario i el Luigi. No n&#8217;ha tingut prou que encara ha portat un xalec del &#8220;Ryder&#8221;del seu tercer aniverari, tamb\u00e9 de La patrulla canina. Acte seguit, hem pogut visualitzar el conte de &#8220;La rateta\u00a0 que escombrava l&#8217;escaleta&#8221; representat per la N\u00faria, la seva mare, i el Guerau, el seu germ\u00e0. Ha estat un espectacle d&#8217;ombre xineses que hem hagut d&#8217;anar a veure al gimn\u00e0s. i per acabar tota aquesta exposici\u00f3 i com a fi de festa, hem ballat la can\u00e7\u00f3 del &#8220;Show de\u00a0 Coco y Pepe&#8221;, de Cantajuegos, tirant confeti de la bossa que ens ha portat tamb\u00e9 el Guillem. Tot un final de pel\u00b7l\u00edcula. Ha estat genial, Guillem i fam\u00edlia!. Moltes gr\u00e0cies per la vostra implicaci\u00f3.<\/p>\n<p>*<em>Si cliqueu la imatge principal, podreu veure les fotografies.<\/em><\/p>\n<p>I si cliqueu damunt de la rateta podreu veure la magn\u00edfica representaci\u00f3 del conte de La rateta que escombrava l&#8217;escaleta.<\/p>\n<p><a href=\"https:\/\/drive.google.com\/file\/d\/1h71fs1KV8i_YI3bqKtgLxU9TRz3rBgd2\/view?usp=sharing\"><img loading=\"lazy\" decoding=\"async\" class=\"wp-image-8153 alignleft\" src=\"https:\/\/agora.xtec.cat\/esc-teresabergada\/wp-content\/uploads\/usu1533\/2020\/12\/IMG-20201214-WA0032-1024x765.jpg\" alt=\"\" width=\"252\" height=\"189\" srcset=\"https:\/\/agora.xtec.cat\/esc-teresabergada\/wp-content\/uploads\/usu1533\/2020\/12\/IMG-20201214-WA0032-1024x765.jpg 1024w, https:\/\/agora.xtec.cat\/esc-teresabergada\/wp-content\/uploads\/usu1533\/2020\/12\/IMG-20201214-WA0032-300x224.jpg 300w, https:\/\/agora.xtec.cat\/esc-teresabergada\/wp-content\/uploads\/usu1533\/2020\/12\/IMG-20201214-WA0032-768x574.jpg 768w, https:\/\/agora.xtec.cat\/esc-teresabergada\/wp-content\/uploads\/usu1533\/2020\/12\/IMG-20201214-WA0032-200x150.jpg 200w, https:\/\/agora.xtec.cat\/esc-teresabergada\/wp-content\/uploads\/usu1533\/2020\/12\/IMG-20201214-WA0032.jpg 1600w\" sizes=\"auto, (max-width: 252px) 100vw, 252px\" \/><\/a><\/p>\n<p>&nbsp;<\/p>\n<p>&nbsp;<\/p>\n<p>&nbsp;<\/p>\n<p>&nbsp;<\/p>\n<p>&nbsp;<\/p>\n<p>*Aqu\u00ed teniu l&#8217;enlla\u00e7 a la can\u00e7\u00f3 del &#8220;Show de Coco y Pepe&#8221;, per moure l&#8217;esquelet i el cor.<\/p>\n<p><iframe loading=\"lazy\" title=\"CantaJuego - El Show de Coco y Pepe\" width=\"500\" height=\"281\" src=\"https:\/\/www.youtube.com\/embed\/E4gfbnsbvI4?feature=oembed\" frameborder=\"0\" allow=\"accelerometer; autoplay; clipboard-write; encrypted-media; gyroscope; picture-in-picture; web-share\" referrerpolicy=\"strict-origin-when-cross-origin\" allowfullscreen><\/iframe><\/p>\n<div dir=\"auto\"><\/div>\n","protected":false},"excerpt":{"rendered":"<p><a href=\"https:\/\/drive.google.com\/drive\/folders\/1LNeHGy6oPsx6N2aPa_PxyeMcXNNotE8b?usp=sharing\"><\/a><br \/>\nAvui el Guillem ens ha portat la seva capsa de la vida i ha estat tota una experi\u00e8ncia. \u00c9s una capsa preciosa, molt ben decorada i plena de sorpreses. Tot just l&#8217;ha obert, ja hem pogut veure que hi havia un llistat de tot&hellip;  <a href=\"https:\/\/agora.xtec.cat\/esc-teresabergada\/infantil\/la-capsa-de-vida-del-guillem\/\" title=\"Read La capsa de vida del Guillem\">Llegeix m\u00e9s\u00bb<\/a><\/p>\n","protected":false},"author":12,"featured_media":0,"comment_status":"open","ping_status":"closed","sticky":false,"template":"","format":"standard","meta":{"_bbp_topic_count":0,"_bbp_reply_count":0,"_bbp_total_topic_count":0,"_bbp_total_reply_count":0,"_bbp_voice_count":0,"_bbp_anonymous_reply_count":0,"_bbp_topic_count_hidden":0,"_bbp_reply_count_hidden":0,"_bbp_forum_subforum_count":0,"footnotes":""},"categories":[515,2],"tags":[121,70],"class_list":["post-8151","post","type-post","status-publish","format-standard","hentry","category-i3","category-infantil","tag-educacio-infantil","tag-projecte"],"post_mailing_queue_ids":[],"_links":{"self":[{"href":"https:\/\/agora.xtec.cat\/esc-teresabergada\/wp-json\/wp\/v2\/posts\/8151","targetHints":{"allow":["GET"]}}],"collection":[{"href":"https:\/\/agora.xtec.cat\/esc-teresabergada\/wp-json\/wp\/v2\/posts"}],"about":[{"href":"https:\/\/agora.xtec.cat\/esc-teresabergada\/wp-json\/wp\/v2\/types\/post"}],"author":[{"embeddable":true,"href":"https:\/\/agora.xtec.cat\/esc-teresabergada\/wp-json\/wp\/v2\/users\/12"}],"replies":[{"embeddable":true,"href":"https:\/\/agora.xtec.cat\/esc-teresabergada\/wp-json\/wp\/v2\/comments?post=8151"}],"version-history":[{"count":1,"href":"https:\/\/agora.xtec.cat\/esc-teresabergada\/wp-json\/wp\/v2\/posts\/8151\/revisions"}],"predecessor-version":[{"id":8154,"href":"https:\/\/agora.xtec.cat\/esc-teresabergada\/wp-json\/wp\/v2\/posts\/8151\/revisions\/8154"}],"wp:attachment":[{"href":"https:\/\/agora.xtec.cat\/esc-teresabergada\/wp-json\/wp\/v2\/media?parent=8151"}],"wp:term":[{"taxonomy":"category","embeddable":true,"href":"https:\/\/agora.xtec.cat\/esc-teresabergada\/wp-json\/wp\/v2\/categories?post=8151"},{"taxonomy":"post_tag","embeddable":true,"href":"https:\/\/agora.xtec.cat\/esc-teresabergada\/wp-json\/wp\/v2\/tags?post=8151"}],"curies":[{"name":"wp","href":"https:\/\/api.w.org\/{rel}","templated":true}]}}