{"id":8145,"date":"2020-12-10T21:53:55","date_gmt":"2020-12-10T20:53:55","guid":{"rendered":"http:\/\/agora.xtec.cat\/esc-teresabergada\/?p=8145"},"modified":"2020-12-10T21:53:55","modified_gmt":"2020-12-10T20:53:55","slug":"ja-ha-arribat-la-soca","status":"publish","type":"post","link":"https:\/\/agora.xtec.cat\/esc-teresabergada\/infantil\/ja-ha-arribat-la-soca\/","title":{"rendered":"Ja ha arribat la Soca!"},"content":{"rendered":"<p><a href=\"https:\/\/drive.google.com\/drive\/folders\/1feXUntFOtIb9VKPAoWZKU1-sTRifQA4X?usp=sharing\"><img loading=\"lazy\" decoding=\"async\" class=\"wp-image-8146 aligncenter\" src=\"https:\/\/agora.xtec.cat\/esc-teresabergada\/wp-content\/uploads\/usu1533\/2020\/12\/1-1-1024x819.jpg\" alt=\"\" width=\"517\" height=\"413\" \/><\/a><\/p>\n<p>Ja ha arribat la Soca! Avui a les classes d&#8217;Infantil hem trobat una sorpresa. A P3, concretament, ens ha aparegut una capsa all\u00ed on fem la rotllana i no sabem d&#8217;on ha sortit. Primer ens pens\u00e0vem que era una Capsa de la vida d&#8217;algun nen o nena de la classe, per\u00f2 era la nostra Soca. Hem trobat un sobre que contenia una carta signada per la Soca. El Marc ha proposat de llegir-la i d&#8217;aquesta manera esbrinar\u00edem qu\u00e8 hi havia a dins. Ho ha encertat! Era una carta que ens exolicava que aquella soca \u00e9s una de les soquetes, filles de la Soca de l&#8217;escola. La de P3 \u00e9s la m\u00e9s petita, tot just s&#8217;aguanta i t\u00e9 la cara molt petitona. Ens ha deixat escrit que t\u00e9 mooolt fred i mooolta gana. Doncs hem decidit alimentar-la, tapar-la amb la manta i el Jordi ha pensat de posar-la a sota de la taula que li far\u00e0 de teulada. Li hem fet un ja\u00e7 de palla i l&#8217;hem deixat menjar tranquil\u00b7la. Estem molt contents de poder-la tenir amb nosaltres.<\/p>\n<p><em>*Per gaudir de les fotos, cliqueu a la imatge principal.<\/em><\/p>\n","protected":false},"excerpt":{"rendered":"<p><a href=\"https:\/\/drive.google.com\/drive\/folders\/1feXUntFOtIb9VKPAoWZKU1-sTRifQA4X?usp=sharing\"><\/a><br \/>\nJa ha arribat la Soca! Avui a les classes d&#8217;Infantil hem trobat una sorpresa. A P3, concretament, ens ha aparegut una capsa all\u00ed on fem la rotllana i no sabem d&#8217;on ha sortit. Primer ens pens\u00e0vem que era una Capsa de la vida d&#8217;algun&hellip;  <a href=\"https:\/\/agora.xtec.cat\/esc-teresabergada\/infantil\/ja-ha-arribat-la-soca\/\" title=\"Read Ja ha arribat la Soca!\">Llegeix m\u00e9s\u00bb<\/a><\/p>\n","protected":false},"author":12,"featured_media":0,"comment_status":"open","ping_status":"closed","sticky":false,"template":"","format":"standard","meta":{"_bbp_topic_count":0,"_bbp_reply_count":0,"_bbp_total_topic_count":0,"_bbp_total_reply_count":0,"_bbp_voice_count":0,"_bbp_anonymous_reply_count":0,"_bbp_topic_count_hidden":0,"_bbp_reply_count_hidden":0,"_bbp_forum_subforum_count":0,"footnotes":""},"categories":[515,2],"tags":[121,70],"class_list":["post-8145","post","type-post","status-publish","format-standard","hentry","category-i3","category-infantil","tag-educacio-infantil","tag-projecte"],"post_mailing_queue_ids":[],"_links":{"self":[{"href":"https:\/\/agora.xtec.cat\/esc-teresabergada\/wp-json\/wp\/v2\/posts\/8145","targetHints":{"allow":["GET"]}}],"collection":[{"href":"https:\/\/agora.xtec.cat\/esc-teresabergada\/wp-json\/wp\/v2\/posts"}],"about":[{"href":"https:\/\/agora.xtec.cat\/esc-teresabergada\/wp-json\/wp\/v2\/types\/post"}],"author":[{"embeddable":true,"href":"https:\/\/agora.xtec.cat\/esc-teresabergada\/wp-json\/wp\/v2\/users\/12"}],"replies":[{"embeddable":true,"href":"https:\/\/agora.xtec.cat\/esc-teresabergada\/wp-json\/wp\/v2\/comments?post=8145"}],"version-history":[{"count":2,"href":"https:\/\/agora.xtec.cat\/esc-teresabergada\/wp-json\/wp\/v2\/posts\/8145\/revisions"}],"predecessor-version":[{"id":8148,"href":"https:\/\/agora.xtec.cat\/esc-teresabergada\/wp-json\/wp\/v2\/posts\/8145\/revisions\/8148"}],"wp:attachment":[{"href":"https:\/\/agora.xtec.cat\/esc-teresabergada\/wp-json\/wp\/v2\/media?parent=8145"}],"wp:term":[{"taxonomy":"category","embeddable":true,"href":"https:\/\/agora.xtec.cat\/esc-teresabergada\/wp-json\/wp\/v2\/categories?post=8145"},{"taxonomy":"post_tag","embeddable":true,"href":"https:\/\/agora.xtec.cat\/esc-teresabergada\/wp-json\/wp\/v2\/tags?post=8145"}],"curies":[{"name":"wp","href":"https:\/\/api.w.org\/{rel}","templated":true}]}}