{"id":8141,"date":"2020-12-10T21:31:12","date_gmt":"2020-12-10T20:31:12","guid":{"rendered":"http:\/\/agora.xtec.cat\/esc-teresabergada\/?p=8141"},"modified":"2020-12-10T21:31:12","modified_gmt":"2020-12-10T20:31:12","slug":"la-capsa-de-vida-de-la-marta","status":"publish","type":"post","link":"https:\/\/agora.xtec.cat\/esc-teresabergada\/infantil\/la-capsa-de-vida-de-la-marta\/","title":{"rendered":"La Capsa de vida de la Marta"},"content":{"rendered":"<p><a href=\"https:\/\/drive.google.com\/drive\/folders\/1YnGw8jNeAeZuiru1Kttbg-o9tb8NVrdx?usp=sharing\"><img loading=\"lazy\" decoding=\"async\" class=\"wp-image-8142 aligncenter\" src=\"https:\/\/agora.xtec.cat\/esc-teresabergada\/wp-content\/uploads\/usu1533\/2020\/12\/1-1024x819.jpg\" alt=\"\" width=\"540\" height=\"431\" \/><\/a><\/p>\n<p>La Marta ens ha presentat la Capsa de la vida amb molt\u00edssima il\u00b7lusi\u00f3. Aquesta capsa porta anses i un cor penjat a cadascuna. El nom de la Marta a damunt de la tapa, en relleu.<\/p>\n<p>El primer objecte que ens ha ensenyat ha estat la seva Minnie , el seu pimer peluix; un nino molt ben tractat que es nota que li agrada molt, a la Marta. La manteta que li va posar la mare a la panxa quan tot just va acabar de n\u00e8ixer, li encanta sobretot perqu\u00e8 hi t\u00e9 dibuixat un ping\u00fc\u00ed molt dolcet. I, per acabar, un coix\u00ed molt especial que sempre utilitza per dormir. Ara el tindrem a l&#8217;escola durant un temps. Espero que pugis dormir a gust, Marta, i no el trobis a faltar.<\/p>\n<p>La mare de la Marta ens va enviar un v\u00eddeo explicatiu del qu\u00e8 hi havia dins de la capsa, per a complementar la seva exposici\u00f3.<\/p>\n<p><em>*Si voleu veure les fotografies de la bona estona que hem passat, cliqueu a laimatge principal.<\/em><\/p>\n","protected":false},"excerpt":{"rendered":"<p><a href=\"https:\/\/drive.google.com\/drive\/folders\/1YnGw8jNeAeZuiru1Kttbg-o9tb8NVrdx?usp=sharing\"><\/a><br \/>\nLa Marta ens ha presentat la Capsa de la vida amb molt\u00edssima il\u00b7lusi\u00f3. Aquesta capsa porta anses i un cor penjat a cadascuna. El nom de la Marta a damunt de la tapa, en relleu.<br \/>\nEl primer objecte que ens ha ensenyat ha estat la&hellip;  <a href=\"https:\/\/agora.xtec.cat\/esc-teresabergada\/infantil\/la-capsa-de-vida-de-la-marta\/\" title=\"Read La Capsa de vida de la Marta\">Llegeix m\u00e9s\u00bb<\/a><\/p>\n","protected":false},"author":12,"featured_media":0,"comment_status":"open","ping_status":"closed","sticky":false,"template":"","format":"standard","meta":{"_bbp_topic_count":0,"_bbp_reply_count":0,"_bbp_total_topic_count":0,"_bbp_total_reply_count":0,"_bbp_voice_count":0,"_bbp_anonymous_reply_count":0,"_bbp_topic_count_hidden":0,"_bbp_reply_count_hidden":0,"_bbp_forum_subforum_count":0,"footnotes":""},"categories":[515,2],"tags":[121,70],"class_list":["post-8141","post","type-post","status-publish","format-standard","hentry","category-i3","category-infantil","tag-educacio-infantil","tag-projecte"],"post_mailing_queue_ids":[],"_links":{"self":[{"href":"https:\/\/agora.xtec.cat\/esc-teresabergada\/wp-json\/wp\/v2\/posts\/8141","targetHints":{"allow":["GET"]}}],"collection":[{"href":"https:\/\/agora.xtec.cat\/esc-teresabergada\/wp-json\/wp\/v2\/posts"}],"about":[{"href":"https:\/\/agora.xtec.cat\/esc-teresabergada\/wp-json\/wp\/v2\/types\/post"}],"author":[{"embeddable":true,"href":"https:\/\/agora.xtec.cat\/esc-teresabergada\/wp-json\/wp\/v2\/users\/12"}],"replies":[{"embeddable":true,"href":"https:\/\/agora.xtec.cat\/esc-teresabergada\/wp-json\/wp\/v2\/comments?post=8141"}],"version-history":[{"count":2,"href":"https:\/\/agora.xtec.cat\/esc-teresabergada\/wp-json\/wp\/v2\/posts\/8141\/revisions"}],"predecessor-version":[{"id":8144,"href":"https:\/\/agora.xtec.cat\/esc-teresabergada\/wp-json\/wp\/v2\/posts\/8141\/revisions\/8144"}],"wp:attachment":[{"href":"https:\/\/agora.xtec.cat\/esc-teresabergada\/wp-json\/wp\/v2\/media?parent=8141"}],"wp:term":[{"taxonomy":"category","embeddable":true,"href":"https:\/\/agora.xtec.cat\/esc-teresabergada\/wp-json\/wp\/v2\/categories?post=8141"},{"taxonomy":"post_tag","embeddable":true,"href":"https:\/\/agora.xtec.cat\/esc-teresabergada\/wp-json\/wp\/v2\/tags?post=8141"}],"curies":[{"name":"wp","href":"https:\/\/api.w.org\/{rel}","templated":true}]}}