{"id":8121,"date":"2020-12-09T21:58:00","date_gmt":"2020-12-09T20:58:00","guid":{"rendered":"http:\/\/agora.xtec.cat\/esc-teresabergada\/?p=8121"},"modified":"2021-09-17T09:40:20","modified_gmt":"2021-09-17T07:40:20","slug":"la-capsa-de-vida-del-cosmin","status":"publish","type":"post","link":"https:\/\/agora.xtec.cat\/esc-teresabergada\/infantil\/i4\/la-capsa-de-vida-del-cosmin\/","title":{"rendered":"La capsa de vida del Cosmin"},"content":{"rendered":"<p>El Cosmin ens ha dut la seva Capsa de vida amb molta\u00a0 il\u00b7lusi\u00f3 de presentar-la. Despr\u00e9s de fer-nos cinc c\u00e8ntims, els seus pares, del seu contingut i context dels objectes ja l&#8217;ha pogut anar buidant.<a href=\"https:\/\/drive.google.com\/drive\/folders\/1Ri3SkqHlCtSn7QZyIdCHFnO1q07o4e4G?usp=sharing\" target=\"_blank\" rel=\"noopener noreferrer\"><img loading=\"lazy\" decoding=\"async\" class=\"aligncenter wp-image-8080\" src=\"https:\/\/agora.xtec.cat\/esc-teresabergada\/wp-content\/uploads\/usu1533\/2020\/12\/c-o-s-m-i-n-1024x819.jpg\" alt=\"\" width=\"643\" height=\"514\" \/><\/a><\/p>\n<p style=\"text-align: justify;\">El Cosmin ha tret de la capsa el seu primer xumet qu\u00e8 ha anat ensenyant a tots els companys i companyes, un objecte molt familiar. Tamb\u00e9 ens ha ensenyat un mocador molt especial del seu naixement, a dins del qual, embolicat amb molta cura, hi havia un parell de\u00a0 monedes premsant un floc de cabell de quan va n\u00e8ixer. Es tracta del primer cabell que van poder tallar-li. Els pares van explicar que era una tradici\u00f3 de Romania que donava sort a aquell nad\u00f3. i, finalment, la pinceta amb un trosset de cord\u00f3 umbilical . Aquest objecte ha facilitat la participaci\u00f3 dels petits experts en nadons, perqu\u00e8 tenen germans recent nascuts a la tardor. De moment deixa un fil de recerca estirat amb el tema del &#8220;melic&#8221;.<\/p>\n<p style=\"text-align: justify;\"><em>Per veure les fotografies podeu clicar damunt de la imatge principal.<\/em><\/p>\n","protected":false},"excerpt":{"rendered":"<p>El Cosmin ens ha dut la seva Capsa de vida amb molta\u00a0 il\u00b7lusi\u00f3 de presentar-la. Despr\u00e9s de fer-nos cinc c\u00e8ntims, els seus pares, del seu contingut i context dels objectes ja l&#8217;ha pogut anar buidant.<a href=\"https:\/\/drive.google.com\/drive\/folders\/1Ri3SkqHlCtSn7QZyIdCHFnO1q07o4e4G?usp=sharing\" target=\"_blank\" rel=\"noopener noreferrer\"><\/a><br \/>\nEl Cosmin ha tret de la capsa&hellip;  <a href=\"https:\/\/agora.xtec.cat\/esc-teresabergada\/infantil\/i4\/la-capsa-de-vida-del-cosmin\/\" title=\"Read La capsa de vida del Cosmin\">Llegeix m\u00e9s\u00bb<\/a><\/p>\n","protected":false},"author":1,"featured_media":0,"comment_status":"open","ping_status":"closed","sticky":false,"template":"","format":"standard","meta":{"_bbp_topic_count":0,"_bbp_reply_count":0,"_bbp_total_topic_count":0,"_bbp_total_reply_count":0,"_bbp_voice_count":0,"_bbp_anonymous_reply_count":0,"_bbp_topic_count_hidden":0,"_bbp_reply_count_hidden":0,"_bbp_forum_subforum_count":0,"footnotes":""},"categories":[236],"tags":[192,121,406,70],"class_list":["post-8121","post","type-post","status-publish","format-standard","hentry","category-i4","tag-bitlles","tag-educacio-infantil","tag-les-capses-de-la-vida","tag-projecte"],"post_mailing_queue_ids":[],"_links":{"self":[{"href":"https:\/\/agora.xtec.cat\/esc-teresabergada\/wp-json\/wp\/v2\/posts\/8121","targetHints":{"allow":["GET"]}}],"collection":[{"href":"https:\/\/agora.xtec.cat\/esc-teresabergada\/wp-json\/wp\/v2\/posts"}],"about":[{"href":"https:\/\/agora.xtec.cat\/esc-teresabergada\/wp-json\/wp\/v2\/types\/post"}],"author":[{"embeddable":true,"href":"https:\/\/agora.xtec.cat\/esc-teresabergada\/wp-json\/wp\/v2\/users\/1"}],"replies":[{"embeddable":true,"href":"https:\/\/agora.xtec.cat\/esc-teresabergada\/wp-json\/wp\/v2\/comments?post=8121"}],"version-history":[{"count":1,"href":"https:\/\/agora.xtec.cat\/esc-teresabergada\/wp-json\/wp\/v2\/posts\/8121\/revisions"}],"predecessor-version":[{"id":8122,"href":"https:\/\/agora.xtec.cat\/esc-teresabergada\/wp-json\/wp\/v2\/posts\/8121\/revisions\/8122"}],"wp:attachment":[{"href":"https:\/\/agora.xtec.cat\/esc-teresabergada\/wp-json\/wp\/v2\/media?parent=8121"}],"wp:term":[{"taxonomy":"category","embeddable":true,"href":"https:\/\/agora.xtec.cat\/esc-teresabergada\/wp-json\/wp\/v2\/categories?post=8121"},{"taxonomy":"post_tag","embeddable":true,"href":"https:\/\/agora.xtec.cat\/esc-teresabergada\/wp-json\/wp\/v2\/tags?post=8121"}],"curies":[{"name":"wp","href":"https:\/\/api.w.org\/{rel}","templated":true}]}}