{"id":8119,"date":"2020-12-09T21:54:23","date_gmt":"2020-12-09T20:54:23","guid":{"rendered":"http:\/\/agora.xtec.cat\/esc-teresabergada\/?p=8119"},"modified":"2021-09-17T09:40:27","modified_gmt":"2021-09-17T07:40:27","slug":"la-capsa-de-vida-de-la-mariona-2","status":"publish","type":"post","link":"https:\/\/agora.xtec.cat\/esc-teresabergada\/infantil\/i4\/la-capsa-de-vida-de-la-mariona-2\/","title":{"rendered":"La capsa de vida de la Mariona"},"content":{"rendered":"<p><a href=\"https:\/\/drive.google.com\/drive\/folders\/1Ul6TFZnCxCH-VTZRZoFgyovL4V5HwmIu?usp=sharing\" target=\"_blank\" rel=\"noopener noreferrer\"><img loading=\"lazy\" decoding=\"async\" class=\"aligncenter wp-image-8111\" src=\"https:\/\/agora.xtec.cat\/esc-teresabergada\/wp-content\/uploads\/usu1533\/2020\/12\/MARIONA-1024x819.jpg\" alt=\"\" width=\"643\" height=\"514\" \/><\/a><\/p>\n<p style=\"text-align: justify;\">Avui la Mariona ens ha presentat la seva Capsa de vida i tamb\u00e9 hem pogut veure el v\u00eddeo que ens han preparat des de casa sobre la Capsa. Ho ha explicat molt b\u00e9 i fins i tot ens ha explicat dos contes que portava com a llibres especials.<\/p>\n<p style=\"text-align: justify;\">Ha estat una capsa molt ben decorada en la qual es veia la participaci\u00f3 de la Mariona, fent el nom, pintant la Minnie amb &#8220;brilli, brilli&#8221; tal com diu ella i triant els cors que li encanten. Quan ha obert la capsa, el primer que ha tret ha estat un peluix osset de color rosa i salm\u00f3, que feia m\u00fasica si estiraves la cordeta. Va ser el primer regal que va rebre del Jordi, el seu germ\u00e0. Tamb\u00e9 ha estat bonic treure les primeres sabates de la Mariona que eren exactament igual que les de la mare, per\u00f2 mooolt m\u00e9s petites. Fins i tot ara tamb\u00e9 li resultaven petites a ella. Finalment ha tret els primers contes de la seva vida. El de &#8220;beb\u00e9s&#8221; i el qu\u00e8 mengen,\u00a0 ha estat molt interessant com anaven introduint els diferents aliments. El segon, &#8220;Qu\u00e8 portes dins el bolquer?&#8221;, molt divertit\u00a0 anar seguint al ratol\u00ed Mart\u00ed com tafaneja tots el bolquers dels animals, descobrint les seves caques i fent-los provar l&#8217;orinal per no fer-ho al bolquer. Creixen i maduren!<\/p>\n<p style=\"text-align: justify;\">Hem passat una bona estona tots plegats i donem les gr\u00e0cies a tota la fam\u00edlia per la seva col\u00b7laboraci\u00f3.<\/p>\n<p style=\"text-align: justify;\"><em>*Si cliqueu a la foto principal, podreu veure les imatges de l&#8217;exposici\u00f3.<\/em><\/p>\n","protected":false},"excerpt":{"rendered":"<p><a href=\"https:\/\/drive.google.com\/drive\/folders\/1Ul6TFZnCxCH-VTZRZoFgyovL4V5HwmIu?usp=sharing\" target=\"_blank\" rel=\"noopener noreferrer\"><\/a><br \/>\nAvui la Mariona ens ha presentat la seva Capsa de vida i tamb\u00e9 hem pogut veure el v\u00eddeo que ens han preparat des de casa sobre la Capsa. Ho ha explicat molt b\u00e9 i fins i tot ens ha explicat dos&hellip;  <a href=\"https:\/\/agora.xtec.cat\/esc-teresabergada\/infantil\/i4\/la-capsa-de-vida-de-la-mariona-2\/\" title=\"Read La capsa de vida de la Mariona\">Llegeix m\u00e9s\u00bb<\/a><\/p>\n","protected":false},"author":1,"featured_media":0,"comment_status":"open","ping_status":"closed","sticky":false,"template":"","format":"standard","meta":{"_bbp_topic_count":0,"_bbp_reply_count":0,"_bbp_total_topic_count":0,"_bbp_total_reply_count":0,"_bbp_voice_count":0,"_bbp_anonymous_reply_count":0,"_bbp_topic_count_hidden":0,"_bbp_reply_count_hidden":0,"_bbp_forum_subforum_count":0,"footnotes":""},"categories":[236],"tags":[121,406,540],"class_list":["post-8119","post","type-post","status-publish","format-standard","hentry","category-i4","tag-educacio-infantil","tag-les-capses-de-la-vida","tag-projece"],"post_mailing_queue_ids":[],"_links":{"self":[{"href":"https:\/\/agora.xtec.cat\/esc-teresabergada\/wp-json\/wp\/v2\/posts\/8119","targetHints":{"allow":["GET"]}}],"collection":[{"href":"https:\/\/agora.xtec.cat\/esc-teresabergada\/wp-json\/wp\/v2\/posts"}],"about":[{"href":"https:\/\/agora.xtec.cat\/esc-teresabergada\/wp-json\/wp\/v2\/types\/post"}],"author":[{"embeddable":true,"href":"https:\/\/agora.xtec.cat\/esc-teresabergada\/wp-json\/wp\/v2\/users\/1"}],"replies":[{"embeddable":true,"href":"https:\/\/agora.xtec.cat\/esc-teresabergada\/wp-json\/wp\/v2\/comments?post=8119"}],"version-history":[{"count":1,"href":"https:\/\/agora.xtec.cat\/esc-teresabergada\/wp-json\/wp\/v2\/posts\/8119\/revisions"}],"predecessor-version":[{"id":8120,"href":"https:\/\/agora.xtec.cat\/esc-teresabergada\/wp-json\/wp\/v2\/posts\/8119\/revisions\/8120"}],"wp:attachment":[{"href":"https:\/\/agora.xtec.cat\/esc-teresabergada\/wp-json\/wp\/v2\/media?parent=8119"}],"wp:term":[{"taxonomy":"category","embeddable":true,"href":"https:\/\/agora.xtec.cat\/esc-teresabergada\/wp-json\/wp\/v2\/categories?post=8119"},{"taxonomy":"post_tag","embeddable":true,"href":"https:\/\/agora.xtec.cat\/esc-teresabergada\/wp-json\/wp\/v2\/tags?post=8119"}],"curies":[{"name":"wp","href":"https:\/\/api.w.org\/{rel}","templated":true}]}}