{"id":8115,"date":"2020-12-09T21:43:55","date_gmt":"2020-12-09T20:43:55","guid":{"rendered":"http:\/\/agora.xtec.cat\/esc-teresabergada\/?p=8115"},"modified":"2021-09-17T09:40:33","modified_gmt":"2021-09-17T07:40:33","slug":"la-capsa-de-vida-del-david","status":"publish","type":"post","link":"https:\/\/agora.xtec.cat\/esc-teresabergada\/infantil\/i4\/la-capsa-de-vida-del-david\/","title":{"rendered":"La capsa de vida del David"},"content":{"rendered":"<p>Comen\u00e7a la roda de presentacions de <strong>Capses de Vida<\/strong>, com <em><strong>activitat de xoc<\/strong><\/em> del nostre Projecte estrella. Enguany una mica diferent i adaptat a les noves circumst\u00e0ncies.<\/p>\n<p><a href=\"https:\/\/drive.google.com\/drive\/folders\/16CHsy7GrqTfWTVP4OiJiA1vSSUf0WczW?usp=sharing\" target=\"_blank\" rel=\"noopener noreferrer\"><img loading=\"lazy\" decoding=\"async\" class=\"aligncenter wp-image-8053\" src=\"https:\/\/agora.xtec.cat\/esc-teresabergada\/wp-content\/uploads\/usu1533\/2020\/12\/2-min-1024x576.png\" alt=\"\" width=\"640\" height=\"360\" \/><\/a><\/p>\n<p style=\"text-align: justify;\">El David ha estat el primer en portar-nos la seva Capsa de la vida. Els seus pares han escrit en un paperet tot els seus tresors. Entre tots,\u00a0 l&#8217;hem ajudat i hem viscut\u00a0 uns moments dol\u00e7os i\u00a0 d&#8217;aprenentatge.<\/p>\n<p style=\"text-align: justify;\">El David ens ha presentat un llen\u00e7olet de naixement amb el qual va fer el seu primer joc d&#8217;amagar-se. Tamb\u00e9 ens ha sorpr\u00e8s amb les primeres sabates i hem pogut comprovar que li van for\u00e7a petites. i, finalment, una polsereta que, amb ajut dels companys que acaben de tenir germans petits, hem descobert\u00a0 que \u00e9s una polsera que posen a l&#8217;hospital quan acabes de n\u00e8ixer.<\/p>\n<p style=\"text-align: justify;\">Hem passat una bona estona i el David ha gaudit molt del moment m\u00e0gic de mostrar als seus companys i companyes tots els seus tresors amagats a la Capsa de la vida. Enhorabona i gr\u00e0cies David i fam\u00edlia.<\/p>\n<p style=\"text-align: justify;\"><em>*Si cliqueu a la foto principal, podreu descobrir alguns dels moments m\u00e9s importants de l&#8217;exposici\u00f3.<\/em><\/p>\n","protected":false},"excerpt":{"rendered":"<p>Comen\u00e7a la roda de presentacions de Capses de Vida, com activitat de xoc del nostre Projecte estrella. Enguany una mica diferent i adaptat a les noves circumst\u00e0ncies.<br \/>\n<a href=\"https:\/\/drive.google.com\/drive\/folders\/16CHsy7GrqTfWTVP4OiJiA1vSSUf0WczW?usp=sharing\" target=\"_blank\" rel=\"noopener noreferrer\"><\/a><br \/>\nEl David ha estat el primer en portar-nos la seva Capsa de la vida. Els&hellip;  <a href=\"https:\/\/agora.xtec.cat\/esc-teresabergada\/infantil\/i4\/la-capsa-de-vida-del-david\/\" title=\"Read La capsa de vida del David\">Llegeix m\u00e9s\u00bb<\/a><\/p>\n","protected":false},"author":1,"featured_media":0,"comment_status":"open","ping_status":"closed","sticky":false,"template":"","format":"standard","meta":{"_bbp_topic_count":0,"_bbp_reply_count":0,"_bbp_total_topic_count":0,"_bbp_total_reply_count":0,"_bbp_voice_count":0,"_bbp_anonymous_reply_count":0,"_bbp_topic_count_hidden":0,"_bbp_reply_count_hidden":0,"_bbp_forum_subforum_count":0,"footnotes":""},"categories":[236],"tags":[121,406,70],"class_list":["post-8115","post","type-post","status-publish","format-standard","hentry","category-i4","tag-educacio-infantil","tag-les-capses-de-la-vida","tag-projecte"],"post_mailing_queue_ids":[],"_links":{"self":[{"href":"https:\/\/agora.xtec.cat\/esc-teresabergada\/wp-json\/wp\/v2\/posts\/8115","targetHints":{"allow":["GET"]}}],"collection":[{"href":"https:\/\/agora.xtec.cat\/esc-teresabergada\/wp-json\/wp\/v2\/posts"}],"about":[{"href":"https:\/\/agora.xtec.cat\/esc-teresabergada\/wp-json\/wp\/v2\/types\/post"}],"author":[{"embeddable":true,"href":"https:\/\/agora.xtec.cat\/esc-teresabergada\/wp-json\/wp\/v2\/users\/1"}],"replies":[{"embeddable":true,"href":"https:\/\/agora.xtec.cat\/esc-teresabergada\/wp-json\/wp\/v2\/comments?post=8115"}],"version-history":[{"count":1,"href":"https:\/\/agora.xtec.cat\/esc-teresabergada\/wp-json\/wp\/v2\/posts\/8115\/revisions"}],"predecessor-version":[{"id":8116,"href":"https:\/\/agora.xtec.cat\/esc-teresabergada\/wp-json\/wp\/v2\/posts\/8115\/revisions\/8116"}],"wp:attachment":[{"href":"https:\/\/agora.xtec.cat\/esc-teresabergada\/wp-json\/wp\/v2\/media?parent=8115"}],"wp:term":[{"taxonomy":"category","embeddable":true,"href":"https:\/\/agora.xtec.cat\/esc-teresabergada\/wp-json\/wp\/v2\/categories?post=8115"},{"taxonomy":"post_tag","embeddable":true,"href":"https:\/\/agora.xtec.cat\/esc-teresabergada\/wp-json\/wp\/v2\/tags?post=8115"}],"curies":[{"name":"wp","href":"https:\/\/api.w.org\/{rel}","templated":true}]}}