{"id":7993,"date":"2020-11-23T13:34:00","date_gmt":"2020-11-23T12:34:00","guid":{"rendered":"http:\/\/agora.xtec.cat\/esc-teresabergada\/?p=7993"},"modified":"2020-11-23T14:31:24","modified_gmt":"2020-11-23T13:31:24","slug":"alimentacio-saludable-2","status":"publish","type":"post","link":"https:\/\/agora.xtec.cat\/esc-teresabergada\/infantil\/alimentacio-saludable-2\/","title":{"rendered":"ALIMENTACI\u00d3 SALUDABLE"},"content":{"rendered":"<p style=\"text-align: right\">Avui la Naila, l&#8217;Aina i la Samantha ens han vingut a explicar un conte sobre l&#8217;alimentaci\u00f3 saludable.<\/p>\n<p style=\"text-align: left\">Ens han explicat el conte <strong>&#8220;La rebeli\u00f3n de las verduras&#8221;<\/strong> , on les verdures estan fartes de ser el menjar avorrit i han lluitat per aconseguir el seu objectiu: que els nens i nenes mengin i gaudeixin amb les verdures!<\/p>\n<p style=\"text-align: left\">Hem estat molt atents\/es i el que m\u00e9s ens ha agradat han set les titelles tan xules que portaven (:<\/p>\n<p style=\"text-align: left\">Despr\u00e9s hem pogut crear la nostra pr\u00f2pia titella pintant i retallant i hem jugat a ser els personatges del conte. Qu\u00e8 divertit!!!<\/p>\n<p style=\"text-align: left\"><strong>Cliqueu a la imatge per veure m\u00e9s fotos.<\/strong><\/p>\n<p><a href=\"https:\/\/drive.google.com\/drive\/folders\/1ZO3DKrOHMaE8NgLDJXoIWdSTSrs2lJTr?usp=sharing\"><img loading=\"lazy\" decoding=\"async\" class=\"alignnone wp-image-7995\" src=\"https:\/\/agora.xtec.cat\/esc-teresabergada\/wp-content\/uploads\/usu1533\/2020\/11\/IMG_7453-1024x768.jpg\" alt=\"\" width=\"455\" height=\"341\" srcset=\"https:\/\/agora.xtec.cat\/esc-teresabergada\/wp-content\/uploads\/usu1533\/2020\/11\/IMG_7453-1024x768.jpg 1024w, https:\/\/agora.xtec.cat\/esc-teresabergada\/wp-content\/uploads\/usu1533\/2020\/11\/IMG_7453-300x225.jpg 300w, https:\/\/agora.xtec.cat\/esc-teresabergada\/wp-content\/uploads\/usu1533\/2020\/11\/IMG_7453-768x576.jpg 768w, https:\/\/agora.xtec.cat\/esc-teresabergada\/wp-content\/uploads\/usu1533\/2020\/11\/IMG_7453-200x150.jpg 200w\" sizes=\"auto, (max-width: 455px) 100vw, 455px\" \/><\/a><\/p>\n<p>&nbsp;<\/p>\n<p>&nbsp;<\/p>\n<p>&nbsp;<\/p>\n","protected":false},"excerpt":{"rendered":"<p>Avui la Naila, l&#8217;Aina i la Samantha ens han vingut a explicar un conte sobre l&#8217;alimentaci\u00f3 saludable.<br \/>\nEns han explicat el conte &#8220;La rebeli\u00f3n de las verduras&#8221; , on les verdures estan fartes de ser el menjar avorrit i han lluitat per aconseguir el seu objectiu:&hellip;  <a href=\"https:\/\/agora.xtec.cat\/esc-teresabergada\/infantil\/alimentacio-saludable-2\/\" title=\"Read ALIMENTACI\u00d3 SALUDABLE\">Llegeix m\u00e9s\u00bb<\/a><\/p>\n","protected":false},"author":1,"featured_media":7995,"comment_status":"open","ping_status":"closed","sticky":false,"template":"","format":"standard","meta":{"_bbp_topic_count":0,"_bbp_reply_count":0,"_bbp_total_topic_count":0,"_bbp_total_reply_count":0,"_bbp_voice_count":0,"_bbp_anonymous_reply_count":0,"_bbp_topic_count_hidden":0,"_bbp_reply_count_hidden":0,"_bbp_forum_subforum_count":0,"footnotes":""},"categories":[236,2],"tags":[],"class_list":["post-7993","post","type-post","status-publish","format-standard","has-post-thumbnail","hentry","category-i4","category-infantil"],"post_mailing_queue_ids":[],"_links":{"self":[{"href":"https:\/\/agora.xtec.cat\/esc-teresabergada\/wp-json\/wp\/v2\/posts\/7993","targetHints":{"allow":["GET"]}}],"collection":[{"href":"https:\/\/agora.xtec.cat\/esc-teresabergada\/wp-json\/wp\/v2\/posts"}],"about":[{"href":"https:\/\/agora.xtec.cat\/esc-teresabergada\/wp-json\/wp\/v2\/types\/post"}],"author":[{"embeddable":true,"href":"https:\/\/agora.xtec.cat\/esc-teresabergada\/wp-json\/wp\/v2\/users\/1"}],"replies":[{"embeddable":true,"href":"https:\/\/agora.xtec.cat\/esc-teresabergada\/wp-json\/wp\/v2\/comments?post=7993"}],"version-history":[{"count":3,"href":"https:\/\/agora.xtec.cat\/esc-teresabergada\/wp-json\/wp\/v2\/posts\/7993\/revisions"}],"predecessor-version":[{"id":8001,"href":"https:\/\/agora.xtec.cat\/esc-teresabergada\/wp-json\/wp\/v2\/posts\/7993\/revisions\/8001"}],"wp:featuredmedia":[{"embeddable":true,"href":"https:\/\/agora.xtec.cat\/esc-teresabergada\/wp-json\/wp\/v2\/media\/7995"}],"wp:attachment":[{"href":"https:\/\/agora.xtec.cat\/esc-teresabergada\/wp-json\/wp\/v2\/media?parent=7993"}],"wp:term":[{"taxonomy":"category","embeddable":true,"href":"https:\/\/agora.xtec.cat\/esc-teresabergada\/wp-json\/wp\/v2\/categories?post=7993"},{"taxonomy":"post_tag","embeddable":true,"href":"https:\/\/agora.xtec.cat\/esc-teresabergada\/wp-json\/wp\/v2\/tags?post=7993"}],"curies":[{"name":"wp","href":"https:\/\/api.w.org\/{rel}","templated":true}]}}