{"id":7976,"date":"2020-11-20T21:55:49","date_gmt":"2020-11-20T20:55:49","guid":{"rendered":"http:\/\/agora.xtec.cat\/esc-teresabergada\/?p=7976"},"modified":"2022-07-11T10:48:16","modified_gmt":"2022-07-11T08:48:16","slug":"setmana-saludable","status":"publish","type":"post","link":"https:\/\/agora.xtec.cat\/esc-teresabergada\/blocs-de-primaria\/3r\/setmana-saludable\/","title":{"rendered":"SETMANA SALUDABLE"},"content":{"rendered":"<h4>Aquesta setmana ha sigut la nostra setmana de la <span style=\"color: #ff0000\">S A L U T<\/span> ! \ud83d\udc9a<\/h4>\n<h4>Lligat al projecte de medi hem pogut posar a la pr\u00e0ctica tan la part de l&#8217;alimentaci\u00f3 com la part de l&#8217;activitat f\u00edsica.<\/h4>\n<h4><span style=\"color: #008080\">DIMECRES<\/span> ens van venir a fer un taller d&#8217;<span style=\"color: #008080\">esmorzar saludable<\/span> \ud83c\udf7d<\/h4>\n<h4>Les nutricionites ens van ensenyar diferents alternatives als t\u00edpics esmorzars o berenars. Vam provar gustos nous, vam cuinar i ens ho vam menjar tot! El que m\u00e9s ens va agradar va ser la recepta de la &#8220;NOCILLA&#8221; saludable. Vam aprendre que no cal afegir sucre per a que un aliment sigui dol\u00e7 i estigui bon\u00edssim! \ud83d\ude0b<\/h4>\n<h4><a href=\"https:\/\/agora.xtec.cat\/esc-teresabergada\/wp-content\/uploads\/usu1533\/2020\/11\/Captura-de-pantalla-2020-11-20-a-las-20.48.38.png\"><img loading=\"lazy\" decoding=\"async\" class=\"alignnone size-full wp-image-7977\" src=\"https:\/\/agora.xtec.cat\/esc-teresabergada\/wp-content\/uploads\/usu1533\/2020\/11\/Captura-de-pantalla-2020-11-20-a-las-20.48.38.png\" alt=\"\" width=\"813\" height=\"638\" srcset=\"https:\/\/agora.xtec.cat\/esc-teresabergada\/wp-content\/uploads\/usu1533\/2020\/11\/Captura-de-pantalla-2020-11-20-a-las-20.48.38.png 813w, https:\/\/agora.xtec.cat\/esc-teresabergada\/wp-content\/uploads\/usu1533\/2020\/11\/Captura-de-pantalla-2020-11-20-a-las-20.48.38-300x235.png 300w, https:\/\/agora.xtec.cat\/esc-teresabergada\/wp-content\/uploads\/usu1533\/2020\/11\/Captura-de-pantalla-2020-11-20-a-las-20.48.38-768x603.png 768w\" sizes=\"auto, (max-width: 813px) 100vw, 813px\" \/><\/a><\/h4>\n<h4><a href=\"https:\/\/agora.xtec.cat\/esc-teresabergada\/wp-content\/uploads\/usu1533\/2020\/11\/Captura-de-pantalla-2020-11-20-a-las-20.51.06.png\"><img loading=\"lazy\" decoding=\"async\" class=\"alignnone wp-image-7978\" src=\"https:\/\/agora.xtec.cat\/esc-teresabergada\/wp-content\/uploads\/usu1533\/2020\/11\/Captura-de-pantalla-2020-11-20-a-las-20.51.06.png\" alt=\"\" width=\"401\" height=\"293\" \/><\/a> <a href=\"https:\/\/agora.xtec.cat\/esc-teresabergada\/wp-content\/uploads\/usu1533\/2020\/11\/Captura-de-pantalla-2020-11-20-a-las-20.51.26.png\"><img loading=\"lazy\" decoding=\"async\" class=\"alignnone wp-image-7979\" src=\"https:\/\/agora.xtec.cat\/esc-teresabergada\/wp-content\/uploads\/usu1533\/2020\/11\/Captura-de-pantalla-2020-11-20-a-las-20.51.26.png\" alt=\"\" width=\"503\" height=\"294\" \/><\/a><\/h4>\n<h4><span style=\"color: #008080\">DIJOUS<\/span> vam fer la bicicletada\ud83d\udeb2\ud83d\udeb2\ud83d\udeb2\ud83d\udeb2<\/h4>\n<h4>Amb el Ra\u00fcl, el profe d&#8217;<span style=\"color: #008080\">Educaci\u00f3 F\u00edsica<\/span>, vam fer una sortida amb <span style=\"color: #008080\">bicicletes<\/span> pels voltants del <span style=\"color: #008080\">poble<\/span>. Al mateix temps que vam practicar exercici f\u00edsic, vam gaudir amb els nostres companys i companyes d&#8217;una experi\u00e8ncia genial!<\/h4>\n<p><a href=\"https:\/\/agora.xtec.cat\/esc-teresabergada\/wp-content\/uploads\/usu1533\/2020\/11\/Captura-de-pantalla-2020-11-20-a-las-20.51.39.png\"><img loading=\"lazy\" decoding=\"async\" class=\"alignnone wp-image-7980\" src=\"https:\/\/agora.xtec.cat\/esc-teresabergada\/wp-content\/uploads\/usu1533\/2020\/11\/Captura-de-pantalla-2020-11-20-a-las-20.51.39.png\" alt=\"\" width=\"451\" height=\"338\" \/>\u00a0\u00a0<\/a><a href=\"https:\/\/agora.xtec.cat\/esc-teresabergada\/wp-content\/uploads\/usu1533\/2020\/11\/Captura-de-pantalla-2020-11-20-a-las-20.51.51.png\"><img loading=\"lazy\" decoding=\"async\" class=\"alignnone wp-image-7981\" src=\"https:\/\/agora.xtec.cat\/esc-teresabergada\/wp-content\/uploads\/usu1533\/2020\/11\/Captura-de-pantalla-2020-11-20-a-las-20.51.51.png\" alt=\"\" width=\"436\" height=\"338\" \/><\/a><\/p>\n<h4>Avui<span style=\"color: #008080\"> DIVENDRES<\/span> per arrodonir la setmana, hem tingut la visita d&#8217;una experta en el tema nutricional: la <span style=\"color: #008080\">Naila Martinez<\/span>, que de manera molt clara i entenedora ens ha contestat a les preguntes que ens hem plantejat i ens ha aclarit molts dubtes. <span style=\"color: #008080\">GR\u00c0CIES<\/span> Naila! \ud83e\udd13<\/h4>\n<p><a href=\"https:\/\/agora.xtec.cat\/esc-teresabergada\/wp-content\/uploads\/usu1533\/2020\/11\/Captura-de-pantalla-2020-11-20-a-las-20.52.06.png\"><img loading=\"lazy\" decoding=\"async\" class=\"alignnone wp-image-7982\" src=\"https:\/\/agora.xtec.cat\/esc-teresabergada\/wp-content\/uploads\/usu1533\/2020\/11\/Captura-de-pantalla-2020-11-20-a-las-20.52.06.png\" alt=\"\" width=\"419\" height=\"311\" \/><\/a>\u00a0 \u00a0<a href=\"https:\/\/agora.xtec.cat\/esc-teresabergada\/wp-content\/uploads\/usu1533\/2020\/11\/5cd469872100003300d4227f.jpeg\"><img loading=\"lazy\" decoding=\"async\" class=\"alignnone wp-image-7986\" src=\"https:\/\/agora.xtec.cat\/esc-teresabergada\/wp-content\/uploads\/usu1533\/2020\/11\/5cd469872100003300d4227f.jpeg\" alt=\"\" width=\"467\" height=\"311\" srcset=\"https:\/\/agora.xtec.cat\/esc-teresabergada\/wp-content\/uploads\/usu1533\/2020\/11\/5cd469872100003300d4227f.jpeg 720w, https:\/\/agora.xtec.cat\/esc-teresabergada\/wp-content\/uploads\/usu1533\/2020\/11\/5cd469872100003300d4227f-300x200.jpeg 300w\" sizes=\"auto, (max-width: 467px) 100vw, 467px\" \/><\/a><\/p>\n<h3><span style=\"color: #339966\">Ha sigut una setmana molt interessant i divertida!<\/span><\/h3>\n","protected":false},"excerpt":{"rendered":"<p>AQUESTA SETMANA HA SIGUT LA NOSTRA SETMANA DE LA SALUT!&hellip;  <a href=\"https:\/\/agora.xtec.cat\/esc-teresabergada\/blocs-de-primaria\/3r\/setmana-saludable\/\" title=\"Read SETMANA SALUDABLE\">Llegeix m\u00e9s\u00bb<\/a><\/p>\n","protected":false},"author":28,"featured_media":7990,"comment_status":"open","ping_status":"closed","sticky":false,"template":"","format":"standard","meta":{"_bbp_topic_count":0,"_bbp_reply_count":0,"_bbp_total_topic_count":0,"_bbp_total_reply_count":0,"_bbp_voice_count":0,"_bbp_anonymous_reply_count":0,"_bbp_topic_count_hidden":0,"_bbp_reply_count_hidden":0,"_bbp_forum_subforum_count":0,"footnotes":""},"categories":[238],"tags":[],"class_list":["post-7976","post","type-post","status-publish","format-standard","has-post-thumbnail","hentry","category-3r"],"post_mailing_queue_ids":[],"_links":{"self":[{"href":"https:\/\/agora.xtec.cat\/esc-teresabergada\/wp-json\/wp\/v2\/posts\/7976","targetHints":{"allow":["GET"]}}],"collection":[{"href":"https:\/\/agora.xtec.cat\/esc-teresabergada\/wp-json\/wp\/v2\/posts"}],"about":[{"href":"https:\/\/agora.xtec.cat\/esc-teresabergada\/wp-json\/wp\/v2\/types\/post"}],"author":[{"embeddable":true,"href":"https:\/\/agora.xtec.cat\/esc-teresabergada\/wp-json\/wp\/v2\/users\/28"}],"replies":[{"embeddable":true,"href":"https:\/\/agora.xtec.cat\/esc-teresabergada\/wp-json\/wp\/v2\/comments?post=7976"}],"version-history":[{"count":4,"href":"https:\/\/agora.xtec.cat\/esc-teresabergada\/wp-json\/wp\/v2\/posts\/7976\/revisions"}],"predecessor-version":[{"id":8017,"href":"https:\/\/agora.xtec.cat\/esc-teresabergada\/wp-json\/wp\/v2\/posts\/7976\/revisions\/8017"}],"wp:featuredmedia":[{"embeddable":true,"href":"https:\/\/agora.xtec.cat\/esc-teresabergada\/wp-json\/wp\/v2\/media\/7990"}],"wp:attachment":[{"href":"https:\/\/agora.xtec.cat\/esc-teresabergada\/wp-json\/wp\/v2\/media?parent=7976"}],"wp:term":[{"taxonomy":"category","embeddable":true,"href":"https:\/\/agora.xtec.cat\/esc-teresabergada\/wp-json\/wp\/v2\/categories?post=7976"},{"taxonomy":"post_tag","embeddable":true,"href":"https:\/\/agora.xtec.cat\/esc-teresabergada\/wp-json\/wp\/v2\/tags?post=7976"}],"curies":[{"name":"wp","href":"https:\/\/api.w.org\/{rel}","templated":true}]}}