{"id":7870,"date":"2020-10-29T10:30:05","date_gmt":"2020-10-29T09:30:05","guid":{"rendered":"http:\/\/agora.xtec.cat\/esc-teresabergada\/?p=7870"},"modified":"2020-11-05T10:44:36","modified_gmt":"2020-11-05T09:44:36","slug":"entrevista-a-la-laura","status":"publish","type":"post","link":"https:\/\/agora.xtec.cat\/esc-teresabergada\/blocs-de-primaria\/5e\/entrevista-a-la-laura\/","title":{"rendered":"ENTREVISTA A LA LAURA"},"content":{"rendered":"<p style=\"text-align: justify\">La Laura Vilaplana actualment \u00e9s mestra de cinqu\u00e8 a l&#8217;escola Teresa Bergad\u00e0 d&#8217;Alguaire i avui l&#8217;entrevistem per con\u00e8ixer els seus gustos i aficions.<\/p>\n<p style=\"text-align: justify\"><span style=\"color: #3366ff\">Hola Laura! Moltes gr\u00e0cies per haver acceptat aquest repte. Si et sembla comencem preguntant-te la teva edat. Quants anys tens?<\/span><\/p>\n<p>&#8211; Tinc 35 anys.<\/p>\n<p><span style=\"color: #3366ff\">Quin \u00e9s el teu color preferit?<\/span><\/p>\n<p>&#8211; El meu color preferit \u00e9s el verd fluix.<\/p>\n<p><span style=\"color: #3366ff\">Tens algun germ\u00e0? Com es diu?<\/span><\/p>\n<p>&#8211; Tinc un germ\u00e0 m\u00e9s petit que jo, es diu Pep.<\/p>\n<p><span style=\"color: #3366ff\">Quin \u00e9s el teu animal preferit?<\/span><\/p>\n<p>&#8211; El meu animal preferit \u00e9s el gat.<\/p>\n<p><span style=\"color: #3366ff\">Tens alguna mascota? Com es diu?<\/span><\/p>\n<p>&#8211; Actualment no tinc cap mascota per\u00f2 quan tenia la vostra edat, tenia un h\u00e0mster que es deia Dol\u00e7a.<\/p>\n<p><span style=\"color: #3366ff\">Creus que fas b\u00e9 el teu treball?<\/span><\/p>\n<p>&#8211; Intento fer\/ser mestra el millor que puc i aprenent del dia a dia.<\/p>\n<p><span style=\"color: #3366ff\">Quina s\u00e8rie t&#8217;agrada? Per qu\u00e8?<\/span><\/p>\n<p>&#8211; Ara estic mirant &#8221;Como defender a un asesino&#8221;. Les s\u00e8ries polic\u00edaques i d&#8217;intriga s\u00f3n les que m\u00e9s m&#8217;agraden.<\/p>\n<p><span style=\"color: #3366ff\">Moltes gr\u00e0cies senyoreta Laura per respondre totes aquestes preguntes.<\/span><\/p>\n<p>Paula Gonzalez i J\u00falia \u00c1lvarez.<\/p>\n<p><img loading=\"lazy\" decoding=\"async\" class=\"size-medium wp-image-7874 aligncenter\" src=\"https:\/\/agora.xtec.cat\/esc-teresabergada\/wp-content\/uploads\/usu1533\/2020\/10\/IMG_4513-300x225.jpg\" alt=\"\" width=\"300\" height=\"225\" \/><\/p>\n<p>&nbsp;<\/p>\n<p>&nbsp;<\/p>\n","protected":false},"excerpt":{"rendered":"<p>La Laura Vilaplana actualment \u00e9s mestra de cinqu\u00e8 a l&#8217;escola Teresa Bergad\u00e0 d&#8217;Alguaire i avui l&#8217;entrevistem per con\u00e8ixer els seus gustos i aficions.<br \/>\nHola Laura! Moltes gr\u00e0cies per haver acceptat aquest repte. Si et sembla comencem preguntant-te la teva edat. Quants anys tens?<br \/>\n&#8211; Tinc 35 anys.<br \/>\nQuin&hellip;  <a href=\"https:\/\/agora.xtec.cat\/esc-teresabergada\/blocs-de-primaria\/5e\/entrevista-a-la-laura\/\" title=\"Read ENTREVISTA A LA LAURA\">Llegeix m\u00e9s\u00bb<\/a><\/p>\n","protected":false},"author":32,"featured_media":0,"comment_status":"open","ping_status":"closed","sticky":false,"template":"","format":"standard","meta":{"_bbp_topic_count":0,"_bbp_reply_count":0,"_bbp_total_topic_count":0,"_bbp_total_reply_count":0,"_bbp_voice_count":0,"_bbp_anonymous_reply_count":0,"_bbp_topic_count_hidden":0,"_bbp_reply_count_hidden":0,"_bbp_forum_subforum_count":0,"footnotes":""},"categories":[349],"tags":[],"class_list":["post-7870","post","type-post","status-publish","format-standard","hentry","category-5e"],"post_mailing_queue_ids":[],"_links":{"self":[{"href":"https:\/\/agora.xtec.cat\/esc-teresabergada\/wp-json\/wp\/v2\/posts\/7870","targetHints":{"allow":["GET"]}}],"collection":[{"href":"https:\/\/agora.xtec.cat\/esc-teresabergada\/wp-json\/wp\/v2\/posts"}],"about":[{"href":"https:\/\/agora.xtec.cat\/esc-teresabergada\/wp-json\/wp\/v2\/types\/post"}],"author":[{"embeddable":true,"href":"https:\/\/agora.xtec.cat\/esc-teresabergada\/wp-json\/wp\/v2\/users\/32"}],"replies":[{"embeddable":true,"href":"https:\/\/agora.xtec.cat\/esc-teresabergada\/wp-json\/wp\/v2\/comments?post=7870"}],"version-history":[{"count":3,"href":"https:\/\/agora.xtec.cat\/esc-teresabergada\/wp-json\/wp\/v2\/posts\/7870\/revisions"}],"predecessor-version":[{"id":7923,"href":"https:\/\/agora.xtec.cat\/esc-teresabergada\/wp-json\/wp\/v2\/posts\/7870\/revisions\/7923"}],"wp:attachment":[{"href":"https:\/\/agora.xtec.cat\/esc-teresabergada\/wp-json\/wp\/v2\/media?parent=7870"}],"wp:term":[{"taxonomy":"category","embeddable":true,"href":"https:\/\/agora.xtec.cat\/esc-teresabergada\/wp-json\/wp\/v2\/categories?post=7870"},{"taxonomy":"post_tag","embeddable":true,"href":"https:\/\/agora.xtec.cat\/esc-teresabergada\/wp-json\/wp\/v2\/tags?post=7870"}],"curies":[{"name":"wp","href":"https:\/\/api.w.org\/{rel}","templated":true}]}}