{"id":7829,"date":"2020-10-27T19:18:57","date_gmt":"2020-10-27T18:18:57","guid":{"rendered":"http:\/\/agora.xtec.cat\/esc-teresabergada\/?p=7829"},"modified":"2020-10-27T20:12:28","modified_gmt":"2020-10-27T19:12:28","slug":"activitats-musicals-halloween","status":"publish","type":"post","link":"https:\/\/agora.xtec.cat\/esc-teresabergada\/musica\/activitats-musicals-halloween\/","title":{"rendered":"ACTIVITATS MUSICALS HALLOWEEN"},"content":{"rendered":"<p>&nbsp;<\/p>\n<p>ACTIVITATS MUSICALS HALLOWEEN<\/p>\n<p>A la classe de m\u00fasica celebrem Halloween amb diverses activitats musicals : can\u00e7ons,ritmes , percussi\u00f3&#8230;<\/p>\n<p>MUSICOGRAMA &#8220;The Addams Family&#8221;<\/p>\n<p><iframe loading=\"lazy\" src=\"https:\/\/www.youtube.com\/embed\/tgbYZWfeVaM\" width=\"560\" height=\"315\" frameborder=\"0\"><\/iframe><\/p>\n<p>Percussi\u00f3 corporal Halloween<\/p>\n<p><iframe loading=\"lazy\" src=\"https:\/\/www.youtube.com\/embed\/2xz-bCHMyGg\" width=\"560\" height=\"315\" frameborder=\"0\"><\/iframe><\/p>\n<p>RITME AMB VASOS HALLOWEEN<br \/>\n<iframe loading=\"lazy\" src=\"https:\/\/www.youtube.com\/embed\/YOtAV5VWpqI\" width=\"560\" height=\"315\" frameborder=\"0\"><\/iframe><\/p>\n<p>&nbsp;<\/p>\n<p>&nbsp;<\/p>\n<p>CAN\u00c7\u00d3: ELS ESQUELETS<\/p>\n<p><iframe loading=\"lazy\" src=\"https:\/\/www.youtube.com\/embed\/aMPrd3KIizE\" width=\"560\" height=\"315\" frameborder=\"0\"><\/iframe><\/p>\n<p>Aqui teniu la lletra de la can\u00e7\u00f3:<\/p>\n<p><a href=\"https:\/\/agora.xtec.cat\/esc-teresabergada\/wp-content\/uploads\/usu1533\/2020\/10\/ELS-ESQUELETS.pdf\">ELS ESQUELETS<\/a><\/p>\n<p>Relaciona la m\u00fasica amb els personatges:<\/p>\n<p>&nbsp;<\/p>\n<div id=\"liveworksheet830776\" style=\"width: 100%;\" align=\"center\"><span id=\"lwslink830776\"><span style=\"font-family: Arial; font-size: small;\"><a href=\"https:\/\/www.liveworksheets.com\/worksheets\/es\/M\u00fasica\/Reconocimiento_auditivo\/M\u00fasica_personajes_halloween_ka830776fy\">M\u00fasica personajes halloween<\/a>, an interactive worksheet by <a href=\"https:\/\/www.liveworksheets.com\/user\/LAURASILLERO\">LAURASILLERO<\/a><\/span><\/p>\n<p><a style=\"text-decoration: none;\" href=\"https:\/\/www.liveworksheets.com\"><span style=\"font-family: Century Gothic; font-size: large;\">live<b>worksheets.com<\/b><\/span><\/a><\/span><\/div>\n<p><script src=\"https:\/\/files.liveworksheets.com\/embed\/embed.js\"><\/script><br \/>\n<script language=\"javascript\">\nloadliveworksheet(830776,'gtlzjjyu',707,'www',812174);\n<\/script><\/p>\n","protected":false},"excerpt":{"rendered":"<p>&nbsp;<br \/>\nACTIVITATS MUSICALS HALLOWEEN<br \/>\nA la classe de m\u00fasica celebrem Halloween amb diverses activitats musicals : can\u00e7ons,ritmes , percussi\u00f3&#8230;<br \/>\nMUSICOGRAMA &#8220;The Addams Family&#8221;<\/p>\n<p>Percussi\u00f3 corporal Halloween<\/p>\n<p>RITME AMB VASOS HALLOWEEN<\/p>\n<p>&nbsp;<br \/>\n&nbsp;<br \/>\nCAN\u00c7\u00d3: ELS ESQUELETS<\/p>\n<p>Aqui teniu la lletra de la can\u00e7\u00f3:<br \/>\n<a href=\"https:\/\/agora.xtec.cat\/esc-teresabergada\/wp-content\/uploads\/usu1533\/2020\/10\/ELS-ESQUELETS.pdf\">ELS ESQUELETS<\/a><br \/>\nRelaciona la m\u00fasica amb els personatges:<br \/>\n&nbsp;<br \/>\n<a href=\"https:\/\/www.liveworksheets.com\/worksheets\/es\/M\u00fasica\/Reconocimiento_auditivo\/M\u00fasica_personajes_halloween_ka830776fy\">M\u00fasica personajes halloween<\/a>, an interactive&hellip;  <a href=\"https:\/\/agora.xtec.cat\/esc-teresabergada\/musica\/activitats-musicals-halloween\/\" title=\"Read ACTIVITATS MUSICALS HALLOWEEN\">Llegeix m\u00e9s\u00bb<\/a><\/p>\n","protected":false},"author":1,"featured_media":7836,"comment_status":"open","ping_status":"closed","sticky":false,"template":"","format":"standard","meta":{"_bbp_topic_count":0,"_bbp_reply_count":0,"_bbp_total_topic_count":0,"_bbp_total_reply_count":0,"_bbp_voice_count":0,"_bbp_anonymous_reply_count":0,"_bbp_topic_count_hidden":0,"_bbp_reply_count_hidden":0,"_bbp_forum_subforum_count":0,"footnotes":""},"categories":[104],"tags":[100,135,257,443,56,527,464,106],"class_list":["post-7829","post","type-post","status-publish","format-standard","has-post-thumbnail","hentry","category-musica","tag-canco","tag-cicle-inicial","tag-cicle-mijta","tag-halloween","tag-musica","tag-percussio","tag-ritmes","tag-video"],"post_mailing_queue_ids":[],"_links":{"self":[{"href":"https:\/\/agora.xtec.cat\/esc-teresabergada\/wp-json\/wp\/v2\/posts\/7829","targetHints":{"allow":["GET"]}}],"collection":[{"href":"https:\/\/agora.xtec.cat\/esc-teresabergada\/wp-json\/wp\/v2\/posts"}],"about":[{"href":"https:\/\/agora.xtec.cat\/esc-teresabergada\/wp-json\/wp\/v2\/types\/post"}],"author":[{"embeddable":true,"href":"https:\/\/agora.xtec.cat\/esc-teresabergada\/wp-json\/wp\/v2\/users\/1"}],"replies":[{"embeddable":true,"href":"https:\/\/agora.xtec.cat\/esc-teresabergada\/wp-json\/wp\/v2\/comments?post=7829"}],"version-history":[{"count":4,"href":"https:\/\/agora.xtec.cat\/esc-teresabergada\/wp-json\/wp\/v2\/posts\/7829\/revisions"}],"predecessor-version":[{"id":7840,"href":"https:\/\/agora.xtec.cat\/esc-teresabergada\/wp-json\/wp\/v2\/posts\/7829\/revisions\/7840"}],"wp:featuredmedia":[{"embeddable":true,"href":"https:\/\/agora.xtec.cat\/esc-teresabergada\/wp-json\/wp\/v2\/media\/7836"}],"wp:attachment":[{"href":"https:\/\/agora.xtec.cat\/esc-teresabergada\/wp-json\/wp\/v2\/media?parent=7829"}],"wp:term":[{"taxonomy":"category","embeddable":true,"href":"https:\/\/agora.xtec.cat\/esc-teresabergada\/wp-json\/wp\/v2\/categories?post=7829"},{"taxonomy":"post_tag","embeddable":true,"href":"https:\/\/agora.xtec.cat\/esc-teresabergada\/wp-json\/wp\/v2\/tags?post=7829"}],"curies":[{"name":"wp","href":"https:\/\/api.w.org\/{rel}","templated":true}]}}