{"id":7827,"date":"2020-10-28T16:26:10","date_gmt":"2020-10-28T15:26:10","guid":{"rendered":"http:\/\/agora.xtec.cat\/esc-teresabergada\/?p=7827"},"modified":"2021-10-06T22:55:25","modified_gmt":"2021-10-06T20:55:25","slug":"quin-es-el-cami-dels-aliments","status":"publish","type":"post","link":"https:\/\/agora.xtec.cat\/esc-teresabergada\/blocs-de-primaria\/4t\/quin-es-el-cami-dels-aliments\/","title":{"rendered":"&gt;&gt;&gt;EL CAM\u00cd DELS ALIMENTS&gt;&gt;&gt;"},"content":{"rendered":"<h4>Seguint amb el nostre projecte de la SALUT i despr\u00e9s d&#8217;haver descobert que \u00e9s molt important la pir\u00e0mide de l&#8217;alimentaci\u00f3 per a tenir una bona salut, ens hem preguntat: <span style=\"color: #ff0000\">quin \u00e9s el cam\u00ed que fan els aliments dins del nostre cos?<\/span><\/h4>\n<h4>Primer, vam sortir al pati i, per parelles, ens vam dibuixar les nostres siluetes. Despr\u00e9s, cadasc\u00fa es va dibuixar per dins les parts que intervenien en el cam\u00ed de l&#8217;alimentaci\u00f3 (almenys les que creia).<\/h4>\n<h4>El resultat&#8230;aqu\u00ed el teniu!<\/h4>\n<p><a href=\"https:\/\/agora.xtec.cat\/esc-teresabergada\/wp-content\/uploads\/usu1533\/2020\/10\/IMG_20201019_150930_697.jpg\"><img loading=\"lazy\" decoding=\"async\" class=\"alignnone wp-image-7849\" src=\"https:\/\/agora.xtec.cat\/esc-teresabergada\/wp-content\/uploads\/usu1533\/2020\/10\/IMG_20201019_150930_697-1024x766.jpg\" alt=\"\" width=\"516\" height=\"386\" \/><\/a> <a href=\"https:\/\/agora.xtec.cat\/esc-teresabergada\/wp-content\/uploads\/usu1533\/2020\/10\/IMG_20201019_151000_514.jpg\"><img loading=\"lazy\" decoding=\"async\" class=\"alignnone wp-image-7850\" src=\"https:\/\/agora.xtec.cat\/esc-teresabergada\/wp-content\/uploads\/usu1533\/2020\/10\/IMG_20201019_151000_514-1024x766.jpg\" alt=\"\" width=\"516\" height=\"386\" \/><\/a> <a href=\"https:\/\/agora.xtec.cat\/esc-teresabergada\/wp-content\/uploads\/usu1533\/2020\/10\/IMG-20201027-WA0012.jpg\"><img loading=\"lazy\" decoding=\"async\" class=\"alignnone wp-image-7856\" src=\"https:\/\/agora.xtec.cat\/esc-teresabergada\/wp-content\/uploads\/usu1533\/2020\/10\/IMG-20201027-WA0012-768x1024.jpg\" alt=\"\" width=\"517\" height=\"690\" \/><\/a> <a href=\"https:\/\/agora.xtec.cat\/esc-teresabergada\/wp-content\/uploads\/usu1533\/2020\/10\/IMG-20201027-WA0013.jpg\"><img loading=\"lazy\" decoding=\"async\" class=\"alignnone wp-image-7857\" src=\"https:\/\/agora.xtec.cat\/esc-teresabergada\/wp-content\/uploads\/usu1533\/2020\/10\/IMG-20201027-WA0013-768x1024.jpg\" alt=\"\" width=\"515\" height=\"687\" \/><\/a> <a href=\"https:\/\/agora.xtec.cat\/esc-teresabergada\/wp-content\/uploads\/usu1533\/2020\/10\/IMG-20201027-WA0014.jpg\"><img loading=\"lazy\" decoding=\"async\" class=\"alignnone wp-image-7858\" src=\"https:\/\/agora.xtec.cat\/esc-teresabergada\/wp-content\/uploads\/usu1533\/2020\/10\/IMG-20201027-WA0014-1024x768.jpg\" alt=\"\" width=\"518\" height=\"389\" \/><\/a><a href=\"https:\/\/agora.xtec.cat\/esc-teresabergada\/wp-content\/uploads\/usu1533\/2020\/10\/IMG_20201019_153254_057.jpg\"><img loading=\"lazy\" decoding=\"async\" class=\"alignnone wp-image-7855\" src=\"https:\/\/agora.xtec.cat\/esc-teresabergada\/wp-content\/uploads\/usu1533\/2020\/10\/IMG_20201019_153254_057-1024x766.jpg\" alt=\"\" width=\"520\" height=\"389\" \/><\/a> <a href=\"https:\/\/agora.xtec.cat\/esc-teresabergada\/wp-content\/uploads\/usu1533\/2020\/10\/IMG_20201019_152740_915.jpg\"><img loading=\"lazy\" decoding=\"async\" class=\"alignnone wp-image-7854\" src=\"https:\/\/agora.xtec.cat\/esc-teresabergada\/wp-content\/uploads\/usu1533\/2020\/10\/IMG_20201019_152740_915-1024x766.jpg\" alt=\"\" width=\"513\" height=\"383\" \/><\/a><a href=\"https:\/\/agora.xtec.cat\/esc-teresabergada\/wp-content\/uploads\/usu1533\/2020\/10\/IMG_20201019_151130_184.jpg\"><img loading=\"lazy\" decoding=\"async\" class=\"alignnone wp-image-7852\" src=\"https:\/\/agora.xtec.cat\/esc-teresabergada\/wp-content\/uploads\/usu1533\/2020\/10\/IMG_20201019_151130_184-1024x766.jpg\" alt=\"\" width=\"510\" height=\"382\" \/><\/a><\/p>\n<h4>Despr\u00e9s, vam comprovar per mitj\u00e0 d&#8217;un v\u00eddeo quines eren realment les diferents parts\/\u00f2rgans per on passen els aliments des de que entren dins la nostra boca fins que surten per&#8230;.ja ho sabeu! \ud83d\ude01<\/h4>\n","protected":false},"excerpt":{"rendered":"<p>ENS DIBUIXEM PER DINS!&hellip;  <a href=\"https:\/\/agora.xtec.cat\/esc-teresabergada\/blocs-de-primaria\/4t\/quin-es-el-cami-dels-aliments\/\" title=\"Read &gt;&gt;&gt;EL CAM\u00cd DELS ALIMENTS&gt;&gt;&gt;\">Llegeix m\u00e9s\u00bb<\/a><\/p>\n","protected":false},"author":28,"featured_media":7864,"comment_status":"open","ping_status":"closed","sticky":false,"template":"","format":"standard","meta":{"_bbp_topic_count":0,"_bbp_reply_count":0,"_bbp_total_topic_count":0,"_bbp_total_reply_count":0,"_bbp_voice_count":0,"_bbp_anonymous_reply_count":0,"_bbp_topic_count_hidden":0,"_bbp_reply_count_hidden":0,"_bbp_forum_subforum_count":0,"footnotes":""},"categories":[250],"tags":[],"class_list":["post-7827","post","type-post","status-publish","format-standard","has-post-thumbnail","hentry","category-4t"],"post_mailing_queue_ids":[],"_links":{"self":[{"href":"https:\/\/agora.xtec.cat\/esc-teresabergada\/wp-json\/wp\/v2\/posts\/7827","targetHints":{"allow":["GET"]}}],"collection":[{"href":"https:\/\/agora.xtec.cat\/esc-teresabergada\/wp-json\/wp\/v2\/posts"}],"about":[{"href":"https:\/\/agora.xtec.cat\/esc-teresabergada\/wp-json\/wp\/v2\/types\/post"}],"author":[{"embeddable":true,"href":"https:\/\/agora.xtec.cat\/esc-teresabergada\/wp-json\/wp\/v2\/users\/28"}],"replies":[{"embeddable":true,"href":"https:\/\/agora.xtec.cat\/esc-teresabergada\/wp-json\/wp\/v2\/comments?post=7827"}],"version-history":[{"count":3,"href":"https:\/\/agora.xtec.cat\/esc-teresabergada\/wp-json\/wp\/v2\/posts\/7827\/revisions"}],"predecessor-version":[{"id":7869,"href":"https:\/\/agora.xtec.cat\/esc-teresabergada\/wp-json\/wp\/v2\/posts\/7827\/revisions\/7869"}],"wp:featuredmedia":[{"embeddable":true,"href":"https:\/\/agora.xtec.cat\/esc-teresabergada\/wp-json\/wp\/v2\/media\/7864"}],"wp:attachment":[{"href":"https:\/\/agora.xtec.cat\/esc-teresabergada\/wp-json\/wp\/v2\/media?parent=7827"}],"wp:term":[{"taxonomy":"category","embeddable":true,"href":"https:\/\/agora.xtec.cat\/esc-teresabergada\/wp-json\/wp\/v2\/categories?post=7827"},{"taxonomy":"post_tag","embeddable":true,"href":"https:\/\/agora.xtec.cat\/esc-teresabergada\/wp-json\/wp\/v2\/tags?post=7827"}],"curies":[{"name":"wp","href":"https:\/\/api.w.org\/{rel}","templated":true}]}}