{"id":7762,"date":"2020-10-21T12:48:22","date_gmt":"2020-10-21T10:48:22","guid":{"rendered":"http:\/\/agora.xtec.cat\/esc-teresabergada\/?p=7762"},"modified":"2020-10-22T13:14:38","modified_gmt":"2020-10-22T11:14:38","slug":"reunio-families-ei-4","status":"publish","type":"post","link":"https:\/\/agora.xtec.cat\/esc-teresabergada\/general\/reunio-families-ei-4\/","title":{"rendered":"Reuni\u00f3 fam\u00edlies EI-4"},"content":{"rendered":"<p>Benvolgudes fam\u00edlies!<\/p>\n<p>A continuaci\u00f3 podeu veure la presentaci\u00f3 de la reuni\u00f3 d&#8217;inici de curs (<em>feu clic a la imatge per accedir-hi)<\/em><br \/>\n<a href=\"https:\/\/drive.google.com\/file\/d\/1mkn5lPT7cZw-rWV9LERG81Y1uLTO6BTD\/view?usp=sharing\"><img loading=\"lazy\" decoding=\"async\" class=\"aligncenter wp-image-7770 size-full\" src=\"https:\/\/agora.xtec.cat\/esc-teresabergada\/wp-content\/uploads\/usu1533\/2020\/10\/Captura-de-Pantalla-2020-10-20-a-les-18.24.05.png\" alt=\"\" width=\"872\" height=\"489\" srcset=\"https:\/\/agora.xtec.cat\/esc-teresabergada\/wp-content\/uploads\/usu1533\/2020\/10\/Captura-de-Pantalla-2020-10-20-a-les-18.24.05.png 872w, https:\/\/agora.xtec.cat\/esc-teresabergada\/wp-content\/uploads\/usu1533\/2020\/10\/Captura-de-Pantalla-2020-10-20-a-les-18.24.05-300x168.png 300w, https:\/\/agora.xtec.cat\/esc-teresabergada\/wp-content\/uploads\/usu1533\/2020\/10\/Captura-de-Pantalla-2020-10-20-a-les-18.24.05-768x431.png 768w\" sizes=\"auto, (max-width: 872px) 100vw, 872px\" \/><\/a><\/p>\n<p>A m\u00e9s a m\u00e9s, us deixem un petit v\u00eddeo del nostre dia a dia a l&#8217;escola.<\/p>\n<p><a href=\"https:\/\/drive.google.com\/file\/d\/1mMKnt4dcN-wqT5ibdEigr1O6jeJTO_Lc\/view?usp=sharing\"><img loading=\"lazy\" decoding=\"async\" class=\"aligncenter  wp-image-7781\" src=\"https:\/\/agora.xtec.cat\/esc-teresabergada\/wp-content\/uploads\/usu1533\/2020\/10\/primers-dies-descola.jpg\" alt=\"\" width=\"471\" height=\"182\" srcset=\"https:\/\/agora.xtec.cat\/esc-teresabergada\/wp-content\/uploads\/usu1533\/2020\/10\/primers-dies-descola.jpg 822w, https:\/\/agora.xtec.cat\/esc-teresabergada\/wp-content\/uploads\/usu1533\/2020\/10\/primers-dies-descola-300x116.jpg 300w, https:\/\/agora.xtec.cat\/esc-teresabergada\/wp-content\/uploads\/usu1533\/2020\/10\/primers-dies-descola-768x296.jpg 768w\" sizes=\"auto, (max-width: 471px) 100vw, 471px\" \/><\/a><\/p>\n<p>&nbsp;<\/p>\n<p>&nbsp;<\/p>\n","protected":false},"excerpt":{"rendered":"<p>Benvolgudes fam\u00edlies!<br \/>\nA continuaci\u00f3 podeu veure la presentaci\u00f3 de la reuni\u00f3 d&#8217;inici de curs (feu clic a la imatge per accedir-hi)<br \/>\n<a href=\"https:\/\/drive.google.com\/file\/d\/1mkn5lPT7cZw-rWV9LERG81Y1uLTO6BTD\/view?usp=sharing\"><\/a><br \/>\nA m\u00e9s a m\u00e9s, us deixem un petit v\u00eddeo del nostre dia a dia a l&#8217;escola.<br \/>\n<a href=\"https:\/\/drive.google.com\/file\/d\/1mMKnt4dcN-wqT5ibdEigr1O6jeJTO_Lc\/view?usp=sharing\"><\/a><br \/>\n&nbsp;<br \/>\n&nbsp;<\/p>\n","protected":false},"author":1,"featured_media":7781,"comment_status":"open","ping_status":"closed","sticky":false,"template":"","format":"standard","meta":{"_bbp_topic_count":0,"_bbp_reply_count":0,"_bbp_total_topic_count":0,"_bbp_total_reply_count":0,"_bbp_voice_count":0,"_bbp_anonymous_reply_count":0,"_bbp_topic_count_hidden":0,"_bbp_reply_count_hidden":0,"_bbp_forum_subforum_count":0,"footnotes":""},"categories":[1,236],"tags":[519],"class_list":["post-7762","post","type-post","status-publish","format-standard","has-post-thumbnail","hentry","category-general","category-i4","tag-reunio-pares"],"post_mailing_queue_ids":[],"_links":{"self":[{"href":"https:\/\/agora.xtec.cat\/esc-teresabergada\/wp-json\/wp\/v2\/posts\/7762","targetHints":{"allow":["GET"]}}],"collection":[{"href":"https:\/\/agora.xtec.cat\/esc-teresabergada\/wp-json\/wp\/v2\/posts"}],"about":[{"href":"https:\/\/agora.xtec.cat\/esc-teresabergada\/wp-json\/wp\/v2\/types\/post"}],"author":[{"embeddable":true,"href":"https:\/\/agora.xtec.cat\/esc-teresabergada\/wp-json\/wp\/v2\/users\/1"}],"replies":[{"embeddable":true,"href":"https:\/\/agora.xtec.cat\/esc-teresabergada\/wp-json\/wp\/v2\/comments?post=7762"}],"version-history":[{"count":4,"href":"https:\/\/agora.xtec.cat\/esc-teresabergada\/wp-json\/wp\/v2\/posts\/7762\/revisions"}],"predecessor-version":[{"id":7798,"href":"https:\/\/agora.xtec.cat\/esc-teresabergada\/wp-json\/wp\/v2\/posts\/7762\/revisions\/7798"}],"wp:featuredmedia":[{"embeddable":true,"href":"https:\/\/agora.xtec.cat\/esc-teresabergada\/wp-json\/wp\/v2\/media\/7781"}],"wp:attachment":[{"href":"https:\/\/agora.xtec.cat\/esc-teresabergada\/wp-json\/wp\/v2\/media?parent=7762"}],"wp:term":[{"taxonomy":"category","embeddable":true,"href":"https:\/\/agora.xtec.cat\/esc-teresabergada\/wp-json\/wp\/v2\/categories?post=7762"},{"taxonomy":"post_tag","embeddable":true,"href":"https:\/\/agora.xtec.cat\/esc-teresabergada\/wp-json\/wp\/v2\/tags?post=7762"}],"curies":[{"name":"wp","href":"https:\/\/api.w.org\/{rel}","templated":true}]}}