{"id":7726,"date":"2020-10-14T12:04:07","date_gmt":"2020-10-14T10:04:07","guid":{"rendered":"http:\/\/agora.xtec.cat\/esc-teresabergada\/?p=7726"},"modified":"2021-09-17T09:41:21","modified_gmt":"2021-09-17T07:41:21","slug":"un-cap-de-setmana-a-capmany","status":"publish","type":"post","link":"https:\/\/agora.xtec.cat\/esc-teresabergada\/general\/un-cap-de-setmana-a-capmany\/","title":{"rendered":"UN CAP DE SETMANA A CAPMANY"},"content":{"rendered":"<p style=\"text-align: justify;\">El dissabte despr\u00e9s del partit de futbol vam anar a Capmany. All\u00ed viu el meu tiet Nico i els meus cosins Hodei i Naia. La seva casa est\u00e0 envoltada de molta vegetaci\u00f3 i d&#8217;animals: cavalls,rucs,gallines, gossos i gats.<\/p>\n<p style=\"text-align: justify;\">El meu tiet durant el confinament ha plantat un hort\u00a0 gegant; t\u00e9 moltes plantes que no coneixia, com la Echinacea que \u00e9s molt bona per al sistema immunitari.<\/p>\n<p style=\"text-align: justify;\">El camp estava tot ple de bolets de diferents tipus, fins i tot, vam veure una Amanita Phalloides, la qual \u00e9s molt verinosa segons em van explicar.<\/p>\n<p style=\"text-align: justify;\">A la nit vam saltar al llit inflable del jard\u00ed i jo vaig fer la voltereta endavant i vaig caure de peu. Despr\u00e9s de sopar vam veure una pel\u00b7l\u00edcula de Los Increibles 1.<\/p>\n<p style=\"text-align: justify;\">El dia seg\u00fcent vam tornar a casa.<\/p>\n<p style=\"text-align: justify;\">Aquest cap de setmana he gaudit molt de la meva fam\u00edlia i de la natura.<\/p>\n<p>Erik i Gorka<\/p>\n<p><img loading=\"lazy\" decoding=\"async\" class=\"aligncenter size-full wp-image-7727\" src=\"https:\/\/agora.xtec.cat\/esc-teresabergada\/wp-content\/uploads\/usu1533\/2020\/10\/capmany.jpg\" alt=\"\" width=\"373\" height=\"135\" srcset=\"https:\/\/agora.xtec.cat\/esc-teresabergada\/wp-content\/uploads\/usu1533\/2020\/10\/capmany.jpg 373w, https:\/\/agora.xtec.cat\/esc-teresabergada\/wp-content\/uploads\/usu1533\/2020\/10\/capmany-300x109.jpg 300w\" sizes=\"auto, (max-width: 373px) 100vw, 373px\" \/><\/p>\n","protected":false},"excerpt":{"rendered":"<p>El dissabte despr\u00e9s del partit de futbol vam anar a Capmany. All\u00ed viu el meu tiet Nico i els meus cosins Hodei i Naia. La seva casa est\u00e0 envoltada de molta vegetaci\u00f3 i d&#8217;animals: cavalls,rucs,gallines, gossos i gats.<br \/>\nEl meu tiet durant el confinament ha plantat&hellip;  <a href=\"https:\/\/agora.xtec.cat\/esc-teresabergada\/general\/un-cap-de-setmana-a-capmany\/\" title=\"Read UN CAP DE SETMANA A CAPMANY\">Llegeix m\u00e9s\u00bb<\/a><\/p>\n","protected":false},"author":1,"featured_media":7727,"comment_status":"open","ping_status":"closed","sticky":false,"template":"","format":"standard","meta":{"_bbp_topic_count":0,"_bbp_reply_count":0,"_bbp_total_topic_count":0,"_bbp_total_reply_count":0,"_bbp_voice_count":0,"_bbp_anonymous_reply_count":0,"_bbp_topic_count_hidden":0,"_bbp_reply_count_hidden":0,"_bbp_forum_subforum_count":0,"footnotes":""},"categories":[1],"tags":[525,496],"class_list":["post-7726","post","type-post","status-publish","format-standard","has-post-thumbnail","hentry","category-general","tag-cap-de-setmana","tag-familia"],"post_mailing_queue_ids":[],"_links":{"self":[{"href":"https:\/\/agora.xtec.cat\/esc-teresabergada\/wp-json\/wp\/v2\/posts\/7726","targetHints":{"allow":["GET"]}}],"collection":[{"href":"https:\/\/agora.xtec.cat\/esc-teresabergada\/wp-json\/wp\/v2\/posts"}],"about":[{"href":"https:\/\/agora.xtec.cat\/esc-teresabergada\/wp-json\/wp\/v2\/types\/post"}],"author":[{"embeddable":true,"href":"https:\/\/agora.xtec.cat\/esc-teresabergada\/wp-json\/wp\/v2\/users\/1"}],"replies":[{"embeddable":true,"href":"https:\/\/agora.xtec.cat\/esc-teresabergada\/wp-json\/wp\/v2\/comments?post=7726"}],"version-history":[{"count":1,"href":"https:\/\/agora.xtec.cat\/esc-teresabergada\/wp-json\/wp\/v2\/posts\/7726\/revisions"}],"predecessor-version":[{"id":7728,"href":"https:\/\/agora.xtec.cat\/esc-teresabergada\/wp-json\/wp\/v2\/posts\/7726\/revisions\/7728"}],"wp:featuredmedia":[{"embeddable":true,"href":"https:\/\/agora.xtec.cat\/esc-teresabergada\/wp-json\/wp\/v2\/media\/7727"}],"wp:attachment":[{"href":"https:\/\/agora.xtec.cat\/esc-teresabergada\/wp-json\/wp\/v2\/media?parent=7726"}],"wp:term":[{"taxonomy":"category","embeddable":true,"href":"https:\/\/agora.xtec.cat\/esc-teresabergada\/wp-json\/wp\/v2\/categories?post=7726"},{"taxonomy":"post_tag","embeddable":true,"href":"https:\/\/agora.xtec.cat\/esc-teresabergada\/wp-json\/wp\/v2\/tags?post=7726"}],"curies":[{"name":"wp","href":"https:\/\/api.w.org\/{rel}","templated":true}]}}