{"id":7715,"date":"2020-10-14T21:27:56","date_gmt":"2020-10-14T19:27:56","guid":{"rendered":"http:\/\/agora.xtec.cat\/esc-teresabergada\/?p=7715"},"modified":"2021-10-26T16:21:55","modified_gmt":"2021-10-26T14:21:55","slug":"comencem-p3","status":"publish","type":"post","link":"https:\/\/agora.xtec.cat\/esc-teresabergada\/infantil\/comencem-p3\/","title":{"rendered":"COMENCEM P3"},"content":{"rendered":"<p>Benvolgudes fam\u00edlies, estem contentes d&#8217;haver iniciat el nou curs. Sabem que ser\u00e0 una experi\u00e8ncia i un repte alhora, sobretot per l&#8217;esfor\u00e7 i els reajustaments en tots els sentits. El nostre objectiu principal \u00e9s que els nens i les nenes se sentin a gust i acollits a l&#8217;escola.<\/p>\n<p>Hem realitzat la primera trobada en la Reuni\u00f3 d&#8217;inici de curs, de forma telem\u00e0tica.\u00a0 Aqu\u00ed teniu un resum de la informaci\u00f3 m\u00e9s essencial, tot i que si teniu qualsevol dubte ho podeu preguntar directament o utilitzant el correu de l&#8217;alumne. Moltes gr\u00e0cies.<a href=\"https:\/\/drive.google.com\/file\/d\/1K4GmPjG7NPlLK_ryELkqoV4aAlkdF-eV\/view?usp=sharing\"><img loading=\"lazy\" decoding=\"async\" class=\"size-large wp-image-7723 aligncenter\" src=\"https:\/\/agora.xtec.cat\/esc-teresabergada\/wp-content\/uploads\/usu1533\/2020\/10\/comencem-p3.-1024x576.jpg\" alt=\"\" width=\"1024\" height=\"576\" srcset=\"https:\/\/agora.xtec.cat\/esc-teresabergada\/wp-content\/uploads\/usu1533\/2020\/10\/comencem-p3.-1024x576.jpg 1024w, https:\/\/agora.xtec.cat\/esc-teresabergada\/wp-content\/uploads\/usu1533\/2020\/10\/comencem-p3.-300x169.jpg 300w, https:\/\/agora.xtec.cat\/esc-teresabergada\/wp-content\/uploads\/usu1533\/2020\/10\/comencem-p3.-768x432.jpg 768w, https:\/\/agora.xtec.cat\/esc-teresabergada\/wp-content\/uploads\/usu1533\/2020\/10\/comencem-p3..jpg 1920w\" sizes=\"auto, (max-width: 1024px) 100vw, 1024px\" \/><\/a><\/p>\n<p>I clicant damunt la imatge del video, podreu veure els moments viscuts pels vostres fills i filles els primers dies a l&#8217;Escola Teresa Bergad\u00e0.<\/p>\n<p><a href=\"https:\/\/drive.google.com\/file\/d\/1aGpRZswXUg7G_k29vaBKsFsiZ7Pql2Lm\/view?usp=sharing\"><img loading=\"lazy\" decoding=\"async\" class=\"wp-image-7806 aligncenter\" src=\"https:\/\/agora.xtec.cat\/esc-teresabergada\/wp-content\/uploads\/usu1533\/2020\/10\/comencem-p3.-1-1024x576.jpg\" alt=\"\" width=\"631\" height=\"355\" srcset=\"https:\/\/agora.xtec.cat\/esc-teresabergada\/wp-content\/uploads\/usu1533\/2020\/10\/comencem-p3.-1-1024x576.jpg 1024w, https:\/\/agora.xtec.cat\/esc-teresabergada\/wp-content\/uploads\/usu1533\/2020\/10\/comencem-p3.-1-300x169.jpg 300w, https:\/\/agora.xtec.cat\/esc-teresabergada\/wp-content\/uploads\/usu1533\/2020\/10\/comencem-p3.-1-768x432.jpg 768w, https:\/\/agora.xtec.cat\/esc-teresabergada\/wp-content\/uploads\/usu1533\/2020\/10\/comencem-p3.-1.jpg 1920w\" sizes=\"auto, (max-width: 631px) 100vw, 631px\" \/><\/a><\/p>\n<p>&nbsp;<\/p>\n<p>&nbsp;<\/p>\n","protected":false},"excerpt":{"rendered":"<p>Benvolgudes fam\u00edlies, estem contentes d&#8217;haver iniciat el nou curs. Sabem que ser\u00e0 una experi\u00e8ncia i un repte alhora, sobretot per l&#8217;esfor\u00e7 i els reajustaments en tots els sentits. El nostre objectiu principal \u00e9s que els nens i les nenes se sentin a gust i acollits&hellip;  <a href=\"https:\/\/agora.xtec.cat\/esc-teresabergada\/infantil\/comencem-p3\/\" title=\"Read COMENCEM P3\">Llegeix m\u00e9s\u00bb<\/a><\/p>\n","protected":false},"author":12,"featured_media":0,"comment_status":"open","ping_status":"closed","sticky":false,"template":"","format":"standard","meta":{"_bbp_topic_count":0,"_bbp_reply_count":0,"_bbp_total_topic_count":0,"_bbp_total_reply_count":0,"_bbp_voice_count":0,"_bbp_anonymous_reply_count":0,"_bbp_topic_count_hidden":0,"_bbp_reply_count_hidden":0,"_bbp_forum_subforum_count":0,"footnotes":""},"categories":[236,2],"tags":[121],"class_list":["post-7715","post","type-post","status-publish","format-standard","hentry","category-i4","category-infantil","tag-educacio-infantil"],"post_mailing_queue_ids":[],"_links":{"self":[{"href":"https:\/\/agora.xtec.cat\/esc-teresabergada\/wp-json\/wp\/v2\/posts\/7715","targetHints":{"allow":["GET"]}}],"collection":[{"href":"https:\/\/agora.xtec.cat\/esc-teresabergada\/wp-json\/wp\/v2\/posts"}],"about":[{"href":"https:\/\/agora.xtec.cat\/esc-teresabergada\/wp-json\/wp\/v2\/types\/post"}],"author":[{"embeddable":true,"href":"https:\/\/agora.xtec.cat\/esc-teresabergada\/wp-json\/wp\/v2\/users\/12"}],"replies":[{"embeddable":true,"href":"https:\/\/agora.xtec.cat\/esc-teresabergada\/wp-json\/wp\/v2\/comments?post=7715"}],"version-history":[{"count":3,"href":"https:\/\/agora.xtec.cat\/esc-teresabergada\/wp-json\/wp\/v2\/posts\/7715\/revisions"}],"predecessor-version":[{"id":7807,"href":"https:\/\/agora.xtec.cat\/esc-teresabergada\/wp-json\/wp\/v2\/posts\/7715\/revisions\/7807"}],"wp:attachment":[{"href":"https:\/\/agora.xtec.cat\/esc-teresabergada\/wp-json\/wp\/v2\/media?parent=7715"}],"wp:term":[{"taxonomy":"category","embeddable":true,"href":"https:\/\/agora.xtec.cat\/esc-teresabergada\/wp-json\/wp\/v2\/categories?post=7715"},{"taxonomy":"post_tag","embeddable":true,"href":"https:\/\/agora.xtec.cat\/esc-teresabergada\/wp-json\/wp\/v2\/tags?post=7715"}],"curies":[{"name":"wp","href":"https:\/\/api.w.org\/{rel}","templated":true}]}}