{"id":7691,"date":"2020-10-08T10:38:24","date_gmt":"2020-10-08T08:38:24","guid":{"rendered":"http:\/\/agora.xtec.cat\/esc-teresabergada\/?p=7691"},"modified":"2020-10-08T10:51:24","modified_gmt":"2020-10-08T08:51:24","slug":"la-nova-normalitat","status":"publish","type":"post","link":"https:\/\/agora.xtec.cat\/esc-teresabergada\/blocs-de-primaria\/5e\/la-nova-normalitat\/","title":{"rendered":"LA NOVA NORMALITAT"},"content":{"rendered":"<p style=\"text-align: justify\">Aquest any hem iniciat el curs escolar d&#8217;una manera molt peculiar, dif\u00edcil i molt porecupant per a tothom (fam\u00edlies, mestres i alumnes) L&#8217;incertesa ens desperta cada dia amb noves experi\u00e8ncies per\u00a0 viure a l&#8217;escola. El fet de dur mascareta en tot moment \u00e9s una mica estressant i \u00e9s necesari sumar -hi\u00a0 el no poder fer vida normal amb la gent que ens envolta.<\/p>\n<p style=\"text-align: justify\">Donat que ha aparegut aquets virus, tot ha canviat. No podem expressar els nostres sentiments i emocions com ho f\u00e8iem abans, no podem treballar a l&#8217;aula o incl\u00fas jugar amb els companys i les companyes sense desinfectar\u00a0 el material, sempre tenint molta cura de la nostra higiene.<\/p>\n<p style=\"text-align: justify\">Sergiu i J\u00falia<\/p>\n<p><img loading=\"lazy\" decoding=\"async\" class=\"size-full wp-image-7696 aligncenter\" src=\"https:\/\/agora.xtec.cat\/esc-teresabergada\/wp-content\/uploads\/usu1533\/2020\/10\/baixa.jpg\" alt=\"\" width=\"275\" height=\"183\" \/><\/p>\n","protected":false},"excerpt":{"rendered":"<p>Aquest any hem iniciat el curs escolar d&#8217;una manera molt peculiar, dif\u00edcil i molt porecupant per a tothom (fam\u00edlies, mestres i alumnes) L&#8217;incertesa ens desperta cada dia amb noves experi\u00e8ncies per\u00a0 viure a l&#8217;escola. El fet de dur mascareta en tot moment \u00e9s una mica&hellip;  <a href=\"https:\/\/agora.xtec.cat\/esc-teresabergada\/blocs-de-primaria\/5e\/la-nova-normalitat\/\" title=\"Read LA NOVA NORMALITAT\">Llegeix m\u00e9s\u00bb<\/a><\/p>\n","protected":false},"author":32,"featured_media":7696,"comment_status":"open","ping_status":"closed","sticky":false,"template":"","format":"standard","meta":{"_bbp_topic_count":0,"_bbp_reply_count":0,"_bbp_total_topic_count":0,"_bbp_total_reply_count":0,"_bbp_voice_count":0,"_bbp_anonymous_reply_count":0,"_bbp_topic_count_hidden":0,"_bbp_reply_count_hidden":0,"_bbp_forum_subforum_count":0,"footnotes":""},"categories":[349],"tags":[523,117],"class_list":["post-7691","post","type-post","status-publish","format-standard","has-post-thumbnail","hentry","category-5e","tag-redactoriredactoradelblog","tag-cicle-superior"],"post_mailing_queue_ids":[],"_links":{"self":[{"href":"https:\/\/agora.xtec.cat\/esc-teresabergada\/wp-json\/wp\/v2\/posts\/7691","targetHints":{"allow":["GET"]}}],"collection":[{"href":"https:\/\/agora.xtec.cat\/esc-teresabergada\/wp-json\/wp\/v2\/posts"}],"about":[{"href":"https:\/\/agora.xtec.cat\/esc-teresabergada\/wp-json\/wp\/v2\/types\/post"}],"author":[{"embeddable":true,"href":"https:\/\/agora.xtec.cat\/esc-teresabergada\/wp-json\/wp\/v2\/users\/32"}],"replies":[{"embeddable":true,"href":"https:\/\/agora.xtec.cat\/esc-teresabergada\/wp-json\/wp\/v2\/comments?post=7691"}],"version-history":[{"count":3,"href":"https:\/\/agora.xtec.cat\/esc-teresabergada\/wp-json\/wp\/v2\/posts\/7691\/revisions"}],"predecessor-version":[{"id":7702,"href":"https:\/\/agora.xtec.cat\/esc-teresabergada\/wp-json\/wp\/v2\/posts\/7691\/revisions\/7702"}],"wp:featuredmedia":[{"embeddable":true,"href":"https:\/\/agora.xtec.cat\/esc-teresabergada\/wp-json\/wp\/v2\/media\/7696"}],"wp:attachment":[{"href":"https:\/\/agora.xtec.cat\/esc-teresabergada\/wp-json\/wp\/v2\/media?parent=7691"}],"wp:term":[{"taxonomy":"category","embeddable":true,"href":"https:\/\/agora.xtec.cat\/esc-teresabergada\/wp-json\/wp\/v2\/categories?post=7691"},{"taxonomy":"post_tag","embeddable":true,"href":"https:\/\/agora.xtec.cat\/esc-teresabergada\/wp-json\/wp\/v2\/tags?post=7691"}],"curies":[{"name":"wp","href":"https:\/\/api.w.org\/{rel}","templated":true}]}}