{"id":7625,"date":"2020-10-01T20:53:33","date_gmt":"2020-10-01T18:53:33","guid":{"rendered":"http:\/\/agora.xtec.cat\/esc-teresabergada\/?p=7625"},"modified":"2021-10-06T22:56:04","modified_gmt":"2021-10-06T20:56:04","slug":"tornada-a-la-nova-normalitat","status":"publish","type":"post","link":"https:\/\/agora.xtec.cat\/esc-teresabergada\/blocs-de-primaria\/4t\/tornada-a-la-nova-normalitat\/","title":{"rendered":"TORNADA A LA NOVA NORMALITAT!"},"content":{"rendered":"<h4>L&#8217;alumnat de 3r ten\u00edem moltes ganes de tornar a trepitjar el &#8220;cole&#8221;!<\/h4>\n<h4>El primer dia emocions a flor de pell: nervis, il\u00b7lusi\u00f3, alegria&#8230;de seguida ens vam retrobar amb els nostres companys i companyes, encara que aquest any a la classe han fet grups nous.<\/h4>\n<h4>Al principi, va ser una mica estrany aix\u00f2 d&#8217;anar dins de l&#8217;aula amb mascareta, per\u00f2 ara ens hi hem acostumat i ho portem for\u00e7a b\u00e9, tot i que ens molesta una mica per parlar en veu alta. Tamb\u00e9 hem apr\u00e8s molt b\u00e9 les mesures d&#8217;higiene: ens posem gel a totes hores! I ventilem molt la classe!<\/h4>\n<h4>Segur que aquest curs ser\u00e0 molt especial i ens ho passarem molt b\u00e9!<\/h4>\n<p><a href=\"https:\/\/agora.xtec.cat\/esc-teresabergada\/wp-content\/uploads\/usu1533\/2020\/10\/3rA.png\"><img loading=\"lazy\" decoding=\"async\" class=\"alignnone size-large wp-image-7626\" src=\"https:\/\/agora.xtec.cat\/esc-teresabergada\/wp-content\/uploads\/usu1533\/2020\/10\/3rA-1024x755.png\" alt=\"\" width=\"1024\" height=\"755\" \/><\/a><\/p>\n<p><a href=\"https:\/\/agora.xtec.cat\/esc-teresabergada\/wp-content\/uploads\/usu1533\/2020\/10\/Captura-de-pantalla-2020-10-01-a-las-20.50.54.png\"><img loading=\"lazy\" decoding=\"async\" class=\"alignnone size-full wp-image-7627\" src=\"https:\/\/agora.xtec.cat\/esc-teresabergada\/wp-content\/uploads\/usu1533\/2020\/10\/Captura-de-pantalla-2020-10-01-a-las-20.50.54.png\" alt=\"\" width=\"918\" height=\"684\" \/><\/a><\/p>\n","protected":false},"excerpt":{"rendered":"<p>TORNEM AL COLE!&hellip;  <a href=\"https:\/\/agora.xtec.cat\/esc-teresabergada\/blocs-de-primaria\/4t\/tornada-a-la-nova-normalitat\/\" title=\"Read TORNADA A LA NOVA NORMALITAT!\">Llegeix m\u00e9s\u00bb<\/a><\/p>\n","protected":false},"author":28,"featured_media":7628,"comment_status":"open","ping_status":"closed","sticky":false,"template":"","format":"standard","meta":{"_bbp_topic_count":0,"_bbp_reply_count":0,"_bbp_total_topic_count":0,"_bbp_total_reply_count":0,"_bbp_voice_count":0,"_bbp_anonymous_reply_count":0,"_bbp_topic_count_hidden":0,"_bbp_reply_count_hidden":0,"_bbp_forum_subforum_count":0,"footnotes":""},"categories":[250],"tags":[],"class_list":["post-7625","post","type-post","status-publish","format-standard","has-post-thumbnail","hentry","category-4t"],"post_mailing_queue_ids":[],"_links":{"self":[{"href":"https:\/\/agora.xtec.cat\/esc-teresabergada\/wp-json\/wp\/v2\/posts\/7625","targetHints":{"allow":["GET"]}}],"collection":[{"href":"https:\/\/agora.xtec.cat\/esc-teresabergada\/wp-json\/wp\/v2\/posts"}],"about":[{"href":"https:\/\/agora.xtec.cat\/esc-teresabergada\/wp-json\/wp\/v2\/types\/post"}],"author":[{"embeddable":true,"href":"https:\/\/agora.xtec.cat\/esc-teresabergada\/wp-json\/wp\/v2\/users\/28"}],"replies":[{"embeddable":true,"href":"https:\/\/agora.xtec.cat\/esc-teresabergada\/wp-json\/wp\/v2\/comments?post=7625"}],"version-history":[{"count":3,"href":"https:\/\/agora.xtec.cat\/esc-teresabergada\/wp-json\/wp\/v2\/posts\/7625\/revisions"}],"predecessor-version":[{"id":7744,"href":"https:\/\/agora.xtec.cat\/esc-teresabergada\/wp-json\/wp\/v2\/posts\/7625\/revisions\/7744"}],"wp:featuredmedia":[{"embeddable":true,"href":"https:\/\/agora.xtec.cat\/esc-teresabergada\/wp-json\/wp\/v2\/media\/7628"}],"wp:attachment":[{"href":"https:\/\/agora.xtec.cat\/esc-teresabergada\/wp-json\/wp\/v2\/media?parent=7625"}],"wp:term":[{"taxonomy":"category","embeddable":true,"href":"https:\/\/agora.xtec.cat\/esc-teresabergada\/wp-json\/wp\/v2\/categories?post=7625"},{"taxonomy":"post_tag","embeddable":true,"href":"https:\/\/agora.xtec.cat\/esc-teresabergada\/wp-json\/wp\/v2\/tags?post=7625"}],"curies":[{"name":"wp","href":"https:\/\/api.w.org\/{rel}","templated":true}]}}