{"id":7605,"date":"2020-09-30T19:58:39","date_gmt":"2020-09-30T17:58:39","guid":{"rendered":"http:\/\/agora.xtec.cat\/esc-teresabergada\/?p=7605"},"modified":"2020-09-30T19:58:39","modified_gmt":"2020-09-30T17:58:39","slug":"reunio-dinici-de-curs-cicle-inicial","status":"publish","type":"post","link":"https:\/\/agora.xtec.cat\/esc-teresabergada\/blocs-de-primaria\/2n\/reunio-dinici-de-curs-cicle-inicial\/","title":{"rendered":"Reuni\u00f3 d&#8217;Inici de curs CICLE INICIAL"},"content":{"rendered":"<p>Benvingudes i benvinguts!<\/p>\n<p>Les mestres de Cicle Inicial estem molt contentes de tornar a l&#8217;escola!\u00a0 I\u00a0 tot i que ja no sigui com abans, \u00e9s temps de reinventar-nos per continuar endavant!<\/p>\n<p>Aquest curs intentarem posar tot el que estigui a les nostres mans per tal que el curs pugui fer-se de la millor manera possible.<\/p>\n<p>Aqu\u00ed podreu veure la presentaci\u00f3 feta en la reuni\u00f3 informativa.<\/p>\n<p>Bon curs 2020-2021!<\/p>\n<div style=\"width: 794px;\" class=\"wp-video\"><!--[if lt IE 9]><script>document.createElement('video');<\/script><![endif]-->\n<video class=\"wp-video-shortcode\" id=\"video-7605-1\" width=\"794\" height=\"1122\" preload=\"metadata\" controls=\"controls\"><source type=\"video\/mp4\" src=\"https:\/\/agora.xtec.cat\/esc-teresabergada\/wp-content\/uploads\/usu1533\/2020\/09\/reuni\u00f3-inici-curs-20-21-2.mp4?_=1\" \/><a href=\"https:\/\/agora.xtec.cat\/esc-teresabergada\/wp-content\/uploads\/usu1533\/2020\/09\/reuni\u00f3-inici-curs-20-21-2.mp4\">https:\/\/agora.xtec.cat\/esc-teresabergada\/wp-content\/uploads\/usu1533\/2020\/09\/reuni\u00f3-inici-curs-20-21-2.mp4<\/a><\/video><\/div>\n<p>&nbsp;<\/p>\n","protected":false},"excerpt":{"rendered":"<p>Benvingudes i benvinguts!<br \/>\nLes mestres de Cicle Inicial estem molt contentes de tornar a l&#8217;escola!\u00a0 I\u00a0 tot i que ja no sigui com abans, \u00e9s temps de reinventar-nos per continuar endavant!<br \/>\nAquest curs intentarem posar tot el que estigui a les nostres mans per tal que el&hellip;  <a href=\"https:\/\/agora.xtec.cat\/esc-teresabergada\/blocs-de-primaria\/2n\/reunio-dinici-de-curs-cicle-inicial\/\" title=\"Read Reuni\u00f3 d&#8217;Inici de curs CICLE INICIAL\">Llegeix m\u00e9s\u00bb<\/a><\/p>\n","protected":false},"author":16,"featured_media":7609,"comment_status":"open","ping_status":"closed","sticky":false,"template":"","format":"standard","meta":{"_bbp_topic_count":0,"_bbp_reply_count":0,"_bbp_total_topic_count":0,"_bbp_total_reply_count":0,"_bbp_voice_count":0,"_bbp_anonymous_reply_count":0,"_bbp_topic_count_hidden":0,"_bbp_reply_count_hidden":0,"_bbp_forum_subforum_count":0,"footnotes":""},"categories":[348,153],"tags":[520,135,518,519],"class_list":["post-7605","post","type-post","status-publish","format-standard","has-post-thumbnail","hentry","category-1r","category-2n","tag-benvinguts","tag-cicle-inicial","tag-inici-curs","tag-reunio-pares"],"post_mailing_queue_ids":[],"_links":{"self":[{"href":"https:\/\/agora.xtec.cat\/esc-teresabergada\/wp-json\/wp\/v2\/posts\/7605","targetHints":{"allow":["GET"]}}],"collection":[{"href":"https:\/\/agora.xtec.cat\/esc-teresabergada\/wp-json\/wp\/v2\/posts"}],"about":[{"href":"https:\/\/agora.xtec.cat\/esc-teresabergada\/wp-json\/wp\/v2\/types\/post"}],"author":[{"embeddable":true,"href":"https:\/\/agora.xtec.cat\/esc-teresabergada\/wp-json\/wp\/v2\/users\/16"}],"replies":[{"embeddable":true,"href":"https:\/\/agora.xtec.cat\/esc-teresabergada\/wp-json\/wp\/v2\/comments?post=7605"}],"version-history":[{"count":1,"href":"https:\/\/agora.xtec.cat\/esc-teresabergada\/wp-json\/wp\/v2\/posts\/7605\/revisions"}],"predecessor-version":[{"id":7608,"href":"https:\/\/agora.xtec.cat\/esc-teresabergada\/wp-json\/wp\/v2\/posts\/7605\/revisions\/7608"}],"wp:featuredmedia":[{"embeddable":true,"href":"https:\/\/agora.xtec.cat\/esc-teresabergada\/wp-json\/wp\/v2\/media\/7609"}],"wp:attachment":[{"href":"https:\/\/agora.xtec.cat\/esc-teresabergada\/wp-json\/wp\/v2\/media?parent=7605"}],"wp:term":[{"taxonomy":"category","embeddable":true,"href":"https:\/\/agora.xtec.cat\/esc-teresabergada\/wp-json\/wp\/v2\/categories?post=7605"},{"taxonomy":"post_tag","embeddable":true,"href":"https:\/\/agora.xtec.cat\/esc-teresabergada\/wp-json\/wp\/v2\/tags?post=7605"}],"curies":[{"name":"wp","href":"https:\/\/api.w.org\/{rel}","templated":true}]}}