{"id":7601,"date":"2020-09-30T11:56:56","date_gmt":"2020-09-30T09:56:56","guid":{"rendered":"http:\/\/agora.xtec.cat\/esc-teresabergada\/?p=7601"},"modified":"2021-09-17T09:42:05","modified_gmt":"2021-09-17T07:42:05","slug":"festa-major-dalguaire-2020","status":"publish","type":"post","link":"https:\/\/agora.xtec.cat\/esc-teresabergada\/general\/festa-major-dalguaire-2020\/","title":{"rendered":"Festa Major d&#8217;Alguaire 2020"},"content":{"rendered":"<p style=\"text-align: justify;\">Aquest cap de semana 25,26 i 27de setembre v\u00e0rem cel\u00b7lebrar la Festa Major d&#8217;Alguaire d&#8217;una manera molt diferent degut a la pand\u00e8mia provocada per la Covid-19. No es van poder cel\u00b7lebrar tots els actes previstos, per\u00f2 s\u00ed que es va fer: la proclamaci\u00f3 de Pubilles i Hereus, el Preg\u00f3 de Festa Major, l&#8217;espectacle infantil, la Missa Major, el concert de sardanes a la pla\u00e7ai i el castellde focs artificials. Tot aix\u00f2 es va dur a terme amb moltes mesures de seguretat i amb aforament limitat. Va ser una festa ben diferent i per mi una mica trista i avorrida ja que no hi va haver firetes! Per\u00f2 tenim una bona not\u00edcia! La Maria Soler pregonera de la Festa Major, ens va dir que aquest dilluns 28 continuen les escavacions alo nostre monestir amb dos arque\u00f2legs.<\/p>\n<p>Mariona Farr\u00e9 i Mara Muresan<\/p>\n<p><a href=\"https:\/\/agora.xtec.cat\/esc-teresabergada\/wp-content\/uploads\/usu1533\/2020\/09\/festa.jpg\"><img loading=\"lazy\" decoding=\"async\" class=\"aligncenter size-full wp-image-7603\" src=\"https:\/\/agora.xtec.cat\/esc-teresabergada\/wp-content\/uploads\/usu1533\/2020\/09\/festa.jpg\" alt=\"\" width=\"293\" height=\"172\" \/><\/a><\/p>\n","protected":false},"excerpt":{"rendered":"<p>Aquest cap de semana 25,26 i 27de setembre v\u00e0rem cel\u00b7lebrar la Festa Major d&#8217;Alguaire d&#8217;una manera molt diferent degut a la pand\u00e8mia provocada per la Covid-19. No es van poder cel\u00b7lebrar tots els actes previstos, per\u00f2 s\u00ed que es va fer: la proclamaci\u00f3 de Pubilles&hellip;  <a href=\"https:\/\/agora.xtec.cat\/esc-teresabergada\/general\/festa-major-dalguaire-2020\/\" title=\"Read Festa Major d&#8217;Alguaire 2020\">Llegeix m\u00e9s\u00bb<\/a><\/p>\n","protected":false},"author":1,"featured_media":7603,"comment_status":"open","ping_status":"closed","sticky":false,"template":"","format":"standard","meta":{"_bbp_topic_count":0,"_bbp_reply_count":0,"_bbp_total_topic_count":0,"_bbp_total_reply_count":0,"_bbp_voice_count":0,"_bbp_anonymous_reply_count":0,"_bbp_topic_count_hidden":0,"_bbp_reply_count_hidden":0,"_bbp_forum_subforum_count":0,"footnotes":""},"categories":[1],"tags":[517],"class_list":["post-7601","post","type-post","status-publish","format-standard","has-post-thumbnail","hentry","category-general","tag-festa-major"],"post_mailing_queue_ids":[],"_links":{"self":[{"href":"https:\/\/agora.xtec.cat\/esc-teresabergada\/wp-json\/wp\/v2\/posts\/7601","targetHints":{"allow":["GET"]}}],"collection":[{"href":"https:\/\/agora.xtec.cat\/esc-teresabergada\/wp-json\/wp\/v2\/posts"}],"about":[{"href":"https:\/\/agora.xtec.cat\/esc-teresabergada\/wp-json\/wp\/v2\/types\/post"}],"author":[{"embeddable":true,"href":"https:\/\/agora.xtec.cat\/esc-teresabergada\/wp-json\/wp\/v2\/users\/1"}],"replies":[{"embeddable":true,"href":"https:\/\/agora.xtec.cat\/esc-teresabergada\/wp-json\/wp\/v2\/comments?post=7601"}],"version-history":[{"count":2,"href":"https:\/\/agora.xtec.cat\/esc-teresabergada\/wp-json\/wp\/v2\/posts\/7601\/revisions"}],"predecessor-version":[{"id":7604,"href":"https:\/\/agora.xtec.cat\/esc-teresabergada\/wp-json\/wp\/v2\/posts\/7601\/revisions\/7604"}],"wp:featuredmedia":[{"embeddable":true,"href":"https:\/\/agora.xtec.cat\/esc-teresabergada\/wp-json\/wp\/v2\/media\/7603"}],"wp:attachment":[{"href":"https:\/\/agora.xtec.cat\/esc-teresabergada\/wp-json\/wp\/v2\/media?parent=7601"}],"wp:term":[{"taxonomy":"category","embeddable":true,"href":"https:\/\/agora.xtec.cat\/esc-teresabergada\/wp-json\/wp\/v2\/categories?post=7601"},{"taxonomy":"post_tag","embeddable":true,"href":"https:\/\/agora.xtec.cat\/esc-teresabergada\/wp-json\/wp\/v2\/tags?post=7601"}],"curies":[{"name":"wp","href":"https:\/\/api.w.org\/{rel}","templated":true}]}}