{"id":7429,"date":"2020-06-30T21:40:53","date_gmt":"2020-06-30T19:40:53","guid":{"rendered":"http:\/\/agora.xtec.cat\/esc-teresabergada\/?p=7429"},"modified":"2020-09-07T17:42:15","modified_gmt":"2020-09-07T15:42:15","slug":"un-final-de-curs-diferent","status":"publish","type":"post","link":"https:\/\/agora.xtec.cat\/esc-teresabergada\/portada\/un-final-de-curs-diferent\/","title":{"rendered":"Un final de curs diferent."},"content":{"rendered":"<p>Aquest final de curs, ha estat tant diferent&#8230;. no esper\u00e0vem pas acabar-lo tal com ha acabat.\u00a0Han faltat els petons, les abra\u00e7ades i les paraules d&#8217;\u00e0nims i de comiat no han estat igual sense poder mirar-nos als ulls&#8230; Per\u00f2 hi ha situacions que no les podem evitar i malgrat totes les dificultats d&#8217;aquest \u00faltim trimestre podem dir que ENS N&#8217;HEM SORTIT.<\/p>\n<p>Per\u00f2 les mestres de Cicle Inicial no volem acomiadar-nos de tots i totes vosaltres: LES VALENTES I ELS VALENTS DE 1r, ELS MINI-RATPENATS DE 2n A i\u00a0 LA CLASSE DE L&#8217;ESPAI de 2nB, sense fer una petita mirada a algunes de les situacions viscudes, i aix\u00ed recordar junts aquells moments c\u00f2mplices, de rialles, d&#8217;aprenentatges, i d&#8217;altres que ens end\u00faiem dins del cor.<\/p>\n<p>Tamb\u00e9 volem donar-vos les gr\u00e0cies a vosaltres i a totes les fam\u00edlies per la comprensi\u00f3, l&#8217;agra\u00efment, el recolzament i el suport que ens heu brindat tots aquests mesos.<\/p>\n<p>Per \u00faltim dir-vos que somieu desperts, que lluiteu pels vostres somnis fent servir la vostra veu com sempre ho heu fet, i que no deixeu mai que us apaguin la VOSTRA LLUM.<\/p>\n<p><a href=\"https:\/\/drive.google.com\/file\/d\/1j22MhEsfZasACOr6Kmryy-ZjkQdVf7EL\/view?usp=sharing\">1r : VALENTES I VALENTS<\/a><\/p>\n<p><a href=\"https:\/\/drive.google.com\/file\/d\/1Bl8cECrPfsmIWoUCU9afECi2gKHL_f-v\/view?usp=sharing\">2nA: ELS MINI-RATPENATS<\/a><\/p>\n<p><a href=\"https:\/\/drive.google.com\/a\/xtec.cat\/file\/d\/1GHoqaivhKOHlJKfw8bZiMsxhBRR0AoOd\/view?usp=drive_web\">2nB: LA CLASSE DE L&#8217;ESPAI<\/a><\/p>\n","protected":false},"excerpt":{"rendered":"<p>Aquest final de curs, ha estat tant diferent&#8230;. no esper\u00e0vem pas acabar-lo tal com ha acabat.\u00a0Han faltat els petons, les abra\u00e7ades i les paraules d&#8217;\u00e0nims i de comiat no han estat igual sense poder mirar-nos als ulls&#8230; Per\u00f2 hi ha situacions que no les podem&hellip;  <a href=\"https:\/\/agora.xtec.cat\/esc-teresabergada\/portada\/un-final-de-curs-diferent\/\" title=\"Read Un final de curs diferent.\">Llegeix m\u00e9s\u00bb<\/a><\/p>\n","protected":false},"author":16,"featured_media":7432,"comment_status":"open","ping_status":"closed","sticky":false,"template":"","format":"standard","meta":{"_bbp_topic_count":0,"_bbp_reply_count":0,"_bbp_total_topic_count":0,"_bbp_total_reply_count":0,"_bbp_voice_count":0,"_bbp_anonymous_reply_count":0,"_bbp_topic_count_hidden":0,"_bbp_reply_count_hidden":0,"_bbp_forum_subforum_count":0,"footnotes":""},"categories":[238,4],"tags":[135,511],"class_list":["post-7429","post","type-post","status-publish","format-standard","has-post-thumbnail","hentry","category-3r","category-portada","tag-cicle-inicial","tag-final-de-curs"],"post_mailing_queue_ids":[],"_links":{"self":[{"href":"https:\/\/agora.xtec.cat\/esc-teresabergada\/wp-json\/wp\/v2\/posts\/7429","targetHints":{"allow":["GET"]}}],"collection":[{"href":"https:\/\/agora.xtec.cat\/esc-teresabergada\/wp-json\/wp\/v2\/posts"}],"about":[{"href":"https:\/\/agora.xtec.cat\/esc-teresabergada\/wp-json\/wp\/v2\/types\/post"}],"author":[{"embeddable":true,"href":"https:\/\/agora.xtec.cat\/esc-teresabergada\/wp-json\/wp\/v2\/users\/16"}],"replies":[{"embeddable":true,"href":"https:\/\/agora.xtec.cat\/esc-teresabergada\/wp-json\/wp\/v2\/comments?post=7429"}],"version-history":[{"count":3,"href":"https:\/\/agora.xtec.cat\/esc-teresabergada\/wp-json\/wp\/v2\/posts\/7429\/revisions"}],"predecessor-version":[{"id":7433,"href":"https:\/\/agora.xtec.cat\/esc-teresabergada\/wp-json\/wp\/v2\/posts\/7429\/revisions\/7433"}],"wp:featuredmedia":[{"embeddable":true,"href":"https:\/\/agora.xtec.cat\/esc-teresabergada\/wp-json\/wp\/v2\/media\/7432"}],"wp:attachment":[{"href":"https:\/\/agora.xtec.cat\/esc-teresabergada\/wp-json\/wp\/v2\/media?parent=7429"}],"wp:term":[{"taxonomy":"category","embeddable":true,"href":"https:\/\/agora.xtec.cat\/esc-teresabergada\/wp-json\/wp\/v2\/categories?post=7429"},{"taxonomy":"post_tag","embeddable":true,"href":"https:\/\/agora.xtec.cat\/esc-teresabergada\/wp-json\/wp\/v2\/tags?post=7429"}],"curies":[{"name":"wp","href":"https:\/\/api.w.org\/{rel}","templated":true}]}}