{"id":7425,"date":"2020-06-21T20:24:51","date_gmt":"2020-06-21T18:24:51","guid":{"rendered":"http:\/\/agora.xtec.cat\/esc-teresabergada\/?p=7425"},"modified":"2020-06-21T20:25:42","modified_gmt":"2020-06-21T18:25:42","slug":"dia-europeu-de-la-musica","status":"publish","type":"post","link":"https:\/\/agora.xtec.cat\/esc-teresabergada\/musica\/dia-europeu-de-la-musica\/","title":{"rendered":"DIA MUNDIAL DE LA MUSICA"},"content":{"rendered":"<p>El\u00a0<b>Dia de la M\u00fasica o Festa de la M\u00fasica<\/b>\u00a0\u00e9s una festa que actualment se celebra en un centenar de pa\u00efsos, <b>cada 21 de juny al comen\u00e7ar l&#8217;estiu.<\/b><\/p>\n<p>Feli\u00e7 dia de la m\u00fasica!!!!<\/p>\n<p>Aqui us deixo dos can\u00e7ons sobre\u00a0 la import\u00e0ncia de la m\u00fasica en la nostra societat i en el m\u00f3n actual.<\/p>\n<p>MIRALL DE PAU<br \/>\n<iframe loading=\"lazy\" src=\"https:\/\/www.youtube.com\/embed\/TX0W4sxV0cY\" width=\"560\" height=\"315\" frameborder=\"0\"><\/iframe><br \/>\nPLUJA DE SONS<\/p>\n<p><iframe loading=\"lazy\" src=\"https:\/\/www.youtube.com\/embed\/gp95IEUIFSE\" width=\"560\" height=\"315\" frameborder=\"0\"><\/iframe><\/p>\n","protected":false},"excerpt":{"rendered":"<p>El\u00a0Dia de la M\u00fasica o Festa de la M\u00fasica\u00a0\u00e9s una festa que actualment se celebra en un centenar de pa\u00efsos, cada 21 de juny al comen\u00e7ar l&#8217;estiu.<br \/>\nFeli\u00e7 dia de la m\u00fasica!!!!<br \/>\nAqui us deixo dos can\u00e7ons sobre\u00a0 la import\u00e0ncia de la m\u00fasica en la nostra societat&hellip;  <a href=\"https:\/\/agora.xtec.cat\/esc-teresabergada\/musica\/dia-europeu-de-la-musica\/\" title=\"Read DIA MUNDIAL DE LA MUSICA\">Llegeix m\u00e9s\u00bb<\/a><\/p>\n","protected":false},"author":1,"featured_media":7426,"comment_status":"open","ping_status":"closed","sticky":false,"template":"","format":"standard","meta":{"_bbp_topic_count":0,"_bbp_reply_count":0,"_bbp_total_topic_count":0,"_bbp_total_reply_count":0,"_bbp_voice_count":0,"_bbp_anonymous_reply_count":0,"_bbp_topic_count_hidden":0,"_bbp_reply_count_hidden":0,"_bbp_forum_subforum_count":0,"footnotes":""},"categories":[104],"tags":[100,135,257,117,121,56,510,106],"class_list":["post-7425","post","type-post","status-publish","format-standard","has-post-thumbnail","hentry","category-musica","tag-canco","tag-cicle-inicial","tag-cicle-mijta","tag-cicle-superior","tag-educacio-infantil","tag-musica","tag-sons","tag-video"],"post_mailing_queue_ids":[],"_links":{"self":[{"href":"https:\/\/agora.xtec.cat\/esc-teresabergada\/wp-json\/wp\/v2\/posts\/7425","targetHints":{"allow":["GET"]}}],"collection":[{"href":"https:\/\/agora.xtec.cat\/esc-teresabergada\/wp-json\/wp\/v2\/posts"}],"about":[{"href":"https:\/\/agora.xtec.cat\/esc-teresabergada\/wp-json\/wp\/v2\/types\/post"}],"author":[{"embeddable":true,"href":"https:\/\/agora.xtec.cat\/esc-teresabergada\/wp-json\/wp\/v2\/users\/1"}],"replies":[{"embeddable":true,"href":"https:\/\/agora.xtec.cat\/esc-teresabergada\/wp-json\/wp\/v2\/comments?post=7425"}],"version-history":[{"count":2,"href":"https:\/\/agora.xtec.cat\/esc-teresabergada\/wp-json\/wp\/v2\/posts\/7425\/revisions"}],"predecessor-version":[{"id":7428,"href":"https:\/\/agora.xtec.cat\/esc-teresabergada\/wp-json\/wp\/v2\/posts\/7425\/revisions\/7428"}],"wp:featuredmedia":[{"embeddable":true,"href":"https:\/\/agora.xtec.cat\/esc-teresabergada\/wp-json\/wp\/v2\/media\/7426"}],"wp:attachment":[{"href":"https:\/\/agora.xtec.cat\/esc-teresabergada\/wp-json\/wp\/v2\/media?parent=7425"}],"wp:term":[{"taxonomy":"category","embeddable":true,"href":"https:\/\/agora.xtec.cat\/esc-teresabergada\/wp-json\/wp\/v2\/categories?post=7425"},{"taxonomy":"post_tag","embeddable":true,"href":"https:\/\/agora.xtec.cat\/esc-teresabergada\/wp-json\/wp\/v2\/tags?post=7425"}],"curies":[{"name":"wp","href":"https:\/\/api.w.org\/{rel}","templated":true}]}}