{"id":729,"date":"2017-02-09T13:12:25","date_gmt":"2017-02-09T12:12:25","guid":{"rendered":"http:\/\/agora.xtec.cat\/esc-teresabergada\/?p=729"},"modified":"2017-02-09T13:13:37","modified_gmt":"2017-02-09T12:13:37","slug":"sortida-als-bombers-de-lleida","status":"publish","type":"post","link":"https:\/\/agora.xtec.cat\/esc-teresabergada\/infantil\/sortida-als-bombers-de-lleida\/","title":{"rendered":"SORTIDA ALS BOMBERS DE LLEIDA"},"content":{"rendered":"<p>Els nens i les nenes d&#8217;Educaci\u00f3 Infantil hem anat d&#8217;excursi\u00f3 al Parc de Bombers de Lleida i ens ho hem passat super b\u00e9. Hem apr\u00e8s moltes coses: hem visionat uns petits documentals sobre la feina dels bombers i el que s&#8217;ha de fer en cas d&#8217;incendi, ens han ensenyat els diferents vehicles, el seu vestuari que \u00e9s diferent segons el lloc on actuen i la import\u00e0ncia dels gossos de rescat.<\/p>\n<p><a href=\"http:\/\/agora.xtec.cat\/esc-teresabergada\/wp-content\/uploads\/usu1533\/2017\/02\/bombers.jpg\"><img loading=\"lazy\" decoding=\"async\" class=\"alignnone size-full wp-image-739\" src=\"http:\/\/agora.xtec.cat\/esc-teresabergada\/wp-content\/uploads\/usu1533\/2017\/02\/bombers.jpg\" alt=\"bombers\" width=\"448\" height=\"336\" \/><\/a><\/p>\n","protected":false},"excerpt":{"rendered":"<p>Els nens i les nenes d&#8217;Educaci\u00f3 Infantil hem anat d&#8217;excursi\u00f3 al Parc de Bombers de Lleida i ens ho hem passat super b\u00e9. Hem apr\u00e8s moltes coses: hem visionat uns petits documentals sobre la feina dels bombers i el que s&#8217;ha de fer en cas&hellip;  <a href=\"https:\/\/agora.xtec.cat\/esc-teresabergada\/infantil\/sortida-als-bombers-de-lleida\/\" title=\"Read SORTIDA ALS BOMBERS DE LLEIDA\">Llegeix m\u00e9s\u00bb<\/a><\/p>\n","protected":false},"author":7,"featured_media":0,"comment_status":"open","ping_status":"open","sticky":false,"template":"","format":"standard","meta":{"_bbp_topic_count":0,"_bbp_reply_count":0,"_bbp_total_topic_count":0,"_bbp_total_reply_count":0,"_bbp_voice_count":0,"_bbp_anonymous_reply_count":0,"_bbp_topic_count_hidden":0,"_bbp_reply_count_hidden":0,"_bbp_forum_subforum_count":0,"footnotes":""},"categories":[2,4],"tags":[122,121,123],"class_list":["post-729","post","type-post","status-publish","format-standard","hentry","category-infantil","category-portada","tag-bombers","tag-educacio-infantil","tag-sortida"],"post_mailing_queue_ids":[],"_links":{"self":[{"href":"https:\/\/agora.xtec.cat\/esc-teresabergada\/wp-json\/wp\/v2\/posts\/729","targetHints":{"allow":["GET"]}}],"collection":[{"href":"https:\/\/agora.xtec.cat\/esc-teresabergada\/wp-json\/wp\/v2\/posts"}],"about":[{"href":"https:\/\/agora.xtec.cat\/esc-teresabergada\/wp-json\/wp\/v2\/types\/post"}],"author":[{"embeddable":true,"href":"https:\/\/agora.xtec.cat\/esc-teresabergada\/wp-json\/wp\/v2\/users\/7"}],"replies":[{"embeddable":true,"href":"https:\/\/agora.xtec.cat\/esc-teresabergada\/wp-json\/wp\/v2\/comments?post=729"}],"version-history":[{"count":2,"href":"https:\/\/agora.xtec.cat\/esc-teresabergada\/wp-json\/wp\/v2\/posts\/729\/revisions"}],"predecessor-version":[{"id":744,"href":"https:\/\/agora.xtec.cat\/esc-teresabergada\/wp-json\/wp\/v2\/posts\/729\/revisions\/744"}],"wp:attachment":[{"href":"https:\/\/agora.xtec.cat\/esc-teresabergada\/wp-json\/wp\/v2\/media?parent=729"}],"wp:term":[{"taxonomy":"category","embeddable":true,"href":"https:\/\/agora.xtec.cat\/esc-teresabergada\/wp-json\/wp\/v2\/categories?post=729"},{"taxonomy":"post_tag","embeddable":true,"href":"https:\/\/agora.xtec.cat\/esc-teresabergada\/wp-json\/wp\/v2\/tags?post=729"}],"curies":[{"name":"wp","href":"https:\/\/api.w.org\/{rel}","templated":true}]}}