{"id":7289,"date":"2020-06-05T21:31:43","date_gmt":"2020-06-05T19:31:43","guid":{"rendered":"http:\/\/agora.xtec.cat\/esc-teresabergada\/?p=7289"},"modified":"2020-06-07T09:39:26","modified_gmt":"2020-06-07T07:39:26","slug":"encara-hi-som-a-temps","status":"publish","type":"post","link":"https:\/\/agora.xtec.cat\/esc-teresabergada\/musica\/encara-hi-som-a-temps\/","title":{"rendered":"Encara hi som a temps!!! RECULL DE DIBUIXOS"},"content":{"rendered":"<p><strong>DONA LA NOTA, encara hi som a temps<\/strong>\u00a0\u00e9s una iniciativa que pret\u00e9n que nens i nenes, nois i noies dels centres educatius de Catalunya prenguin consci\u00e8ncia sobre el moment que vivim d\u2019emerg\u00e8ncia clim\u00e0tica i ambiental, i participin de forma activa en el seu entorn m\u00e9s proper.<\/p>\n<p>Entre tots encara som a temps de canviar-ho tot.<\/p>\n<p>L&#8217;escola s&#8217;adhereix cada any a la proposta de <strong>DONA\u00a0 LA NOTA .<\/strong><\/p>\n<p>&nbsp;<\/p>\n<p>Aqui teniu un recull dels dibuixos enviats per nens i nenes de l&#8217;escola<\/p>\n<p><strong>Clica la imatge:<\/strong><\/p>\n<p>&nbsp;<\/p>\n<p><a href=\"http:\/\/www.kizoa.es\/Editar-V\u00eddeos-Movie-Maker\/d327749327kP1004227511o1l1\/-\"><img loading=\"lazy\" decoding=\"async\" class=\"size-full wp-image-7293 alignleft\" src=\"https:\/\/agora.xtec.cat\/esc-teresabergada\/wp-content\/uploads\/usu1533\/2020\/06\/logo-verd-2.png\" alt=\"\" width=\"600\" height=\"464\" srcset=\"https:\/\/agora.xtec.cat\/esc-teresabergada\/wp-content\/uploads\/usu1533\/2020\/06\/logo-verd-2.png 600w, https:\/\/agora.xtec.cat\/esc-teresabergada\/wp-content\/uploads\/usu1533\/2020\/06\/logo-verd-2-300x232.png 300w\" sizes=\"auto, (max-width: 600px) 100vw, 600px\" \/><\/a><\/p>\n","protected":false},"excerpt":{"rendered":"<p>DONA LA NOTA, encara hi som a temps\u00a0\u00e9s una iniciativa que pret\u00e9n que nens i nenes, nois i noies dels centres educatius de Catalunya prenguin consci\u00e8ncia sobre el moment que vivim d\u2019emerg\u00e8ncia clim\u00e0tica i ambiental, i participin de forma activa en el seu entorn m\u00e9s&hellip;  <a href=\"https:\/\/agora.xtec.cat\/esc-teresabergada\/musica\/encara-hi-som-a-temps\/\" title=\"Read Encara hi som a temps!!! RECULL DE DIBUIXOS\">Llegeix m\u00e9s\u00bb<\/a><\/p>\n","protected":false},"author":1,"featured_media":7295,"comment_status":"open","ping_status":"closed","sticky":false,"template":"","format":"standard","meta":{"_bbp_topic_count":0,"_bbp_reply_count":0,"_bbp_total_topic_count":0,"_bbp_total_reply_count":0,"_bbp_voice_count":0,"_bbp_anonymous_reply_count":0,"_bbp_topic_count_hidden":0,"_bbp_reply_count_hidden":0,"_bbp_forum_subforum_count":0,"footnotes":""},"categories":[104],"tags":[227,458,507,56,70],"class_list":["post-7289","post","type-post","status-publish","format-standard","has-post-thumbnail","hentry","category-musica","tag-activitat","tag-dona-la-nota","tag-medi-ambient","tag-musica","tag-projecte"],"post_mailing_queue_ids":[],"_links":{"self":[{"href":"https:\/\/agora.xtec.cat\/esc-teresabergada\/wp-json\/wp\/v2\/posts\/7289","targetHints":{"allow":["GET"]}}],"collection":[{"href":"https:\/\/agora.xtec.cat\/esc-teresabergada\/wp-json\/wp\/v2\/posts"}],"about":[{"href":"https:\/\/agora.xtec.cat\/esc-teresabergada\/wp-json\/wp\/v2\/types\/post"}],"author":[{"embeddable":true,"href":"https:\/\/agora.xtec.cat\/esc-teresabergada\/wp-json\/wp\/v2\/users\/1"}],"replies":[{"embeddable":true,"href":"https:\/\/agora.xtec.cat\/esc-teresabergada\/wp-json\/wp\/v2\/comments?post=7289"}],"version-history":[{"count":3,"href":"https:\/\/agora.xtec.cat\/esc-teresabergada\/wp-json\/wp\/v2\/posts\/7289\/revisions"}],"predecessor-version":[{"id":7344,"href":"https:\/\/agora.xtec.cat\/esc-teresabergada\/wp-json\/wp\/v2\/posts\/7289\/revisions\/7344"}],"wp:featuredmedia":[{"embeddable":true,"href":"https:\/\/agora.xtec.cat\/esc-teresabergada\/wp-json\/wp\/v2\/media\/7295"}],"wp:attachment":[{"href":"https:\/\/agora.xtec.cat\/esc-teresabergada\/wp-json\/wp\/v2\/media?parent=7289"}],"wp:term":[{"taxonomy":"category","embeddable":true,"href":"https:\/\/agora.xtec.cat\/esc-teresabergada\/wp-json\/wp\/v2\/categories?post=7289"},{"taxonomy":"post_tag","embeddable":true,"href":"https:\/\/agora.xtec.cat\/esc-teresabergada\/wp-json\/wp\/v2\/tags?post=7289"}],"curies":[{"name":"wp","href":"https:\/\/api.w.org\/{rel}","templated":true}]}}