{"id":7253,"date":"2020-06-04T15:32:27","date_gmt":"2020-06-04T13:32:27","guid":{"rendered":"http:\/\/agora.xtec.cat\/esc-teresabergada\/?p=7253"},"modified":"2020-06-05T21:10:39","modified_gmt":"2020-06-05T19:10:39","slug":"pla-dobertura-del-centre","status":"publish","type":"post","link":"https:\/\/agora.xtec.cat\/esc-teresabergada\/general\/pla-dobertura-del-centre\/","title":{"rendered":"PLA D&#8217;OBERTURA DEL CENTRE"},"content":{"rendered":"<p>Benvolgudes fam\u00edlies,<\/p>\n<p>Us volem informar sobre el Pla d&#8217;obertura del Centre, una vegada la nostra zona sanit\u00e0ria passi a la fase 2 de desescalada.<\/p>\n<ul>\n<li><a href=\"https:\/\/drive.google.com\/file\/d\/1NyZZ6kAvn1JFnxgxjT56_Yxldivm3it-\/view?usp=sharing\">Infografia.<\/a><\/li>\n<li><a href=\"https:\/\/drive.google.com\/file\/d\/16OqHeXrRHJFKCQu6gTSDpYib-VwTzLQb\/view?usp=sharing\">Pla d&#8217;Obertura del centre<\/a>.<\/li>\n<li><a href=\"https:\/\/drive.google.com\/file\/d\/1IiWFEG5k0D2Dz4T8Svt6NlaE0yaMoIFQ\/view?usp=sharing\">Declaraci\u00f3 Responsable per a les fam\u00edlies d&#8217;alumnes d&#8217;Educaci\u00f3 Infantil<\/a>.<\/li>\n<li><a href=\"https:\/\/drive.google.com\/file\/d\/1lInkgfum7Xp5C1XUTSLi6xBPVF6alCpI\/view?usp=sharing\">Declaraci\u00f3 Responsable per a les fam\u00edlies d&#8217;alumnes d&#8217;Educaci\u00f3 Prim\u00e0ria<\/a>.<\/li>\n<\/ul>\n<p>&nbsp;<\/p>\n","protected":false},"excerpt":{"rendered":"<p>Benvolgudes fam\u00edlies,<br \/>\nUs volem informar sobre el Pla d&#8217;obertura del Centre, una vegada la nostra zona sanit\u00e0ria passi a la fase 2 de desescalada.<\/p>\n<ul>\n<li><a href=\"https:\/\/drive.google.com\/file\/d\/1NyZZ6kAvn1JFnxgxjT56_Yxldivm3it-\/view?usp=sharing\">Infografia.<\/a><\/li>\n<li><a href=\"https:\/\/drive.google.com\/file\/d\/16OqHeXrRHJFKCQu6gTSDpYib-VwTzLQb\/view?usp=sharing\">Pla d&#8217;Obertura del centre<\/a>.<\/li>\n<li><a href=\"https:\/\/drive.google.com\/file\/d\/1IiWFEG5k0D2Dz4T8Svt6NlaE0yaMoIFQ\/view?usp=sharing\">Declaraci\u00f3 Responsable per a les fam\u00edlies d&#8217;alumnes d&#8217;Educaci\u00f3 Infantil<\/a>.<\/li>\n<li><a href=\"https:\/\/drive.google.com\/file\/d\/1lInkgfum7Xp5C1XUTSLi6xBPVF6alCpI\/view?usp=sharing\">Declaraci\u00f3 Responsable per a les fam\u00edlies d&#8217;alumnes d&#8217;Educaci\u00f3&hellip;  <a href=\"https:\/\/agora.xtec.cat\/esc-teresabergada\/general\/pla-dobertura-del-centre\/\" title=\"Read PLA D&#8217;OBERTURA DEL CENTRE\">Llegeix m\u00e9s\u00bb<\/a><br \/>\n","protected":false},"author":7,"featured_media":7258,"comment_status":"open","ping_status":"closed","sticky":false,"template":"","format":"standard","meta":{"_bbp_topic_count":0,"_bbp_reply_count":0,"_bbp_total_topic_count":0,"_bbp_total_reply_count":0,"_bbp_voice_count":0,"_bbp_anonymous_reply_count":0,"_bbp_topic_count_hidden":0,"_bbp_reply_count_hidden":0,"_bbp_forum_subforum_count":0,"footnotes":""},"categories":[1,4],"tags":[504,506,505,503],"class_list":["post-7253","post","type-post","status-publish","format-standard","has-post-thumbnail","hentry","category-general","category-portada","tag-centre","tag-covid","tag-desescalada","tag-pla-dobertura"],"post_mailing_queue_ids":[],"_links":{"self":[{"href":"https:\/\/agora.xtec.cat\/esc-teresabergada\/wp-json\/wp\/v2\/posts\/7253","targetHints":{"allow":["GET"]}}],"collection":[{"href":"https:\/\/agora.xtec.cat\/esc-teresabergada\/wp-json\/wp\/v2\/posts"}],"about":[{"href":"https:\/\/agora.xtec.cat\/esc-teresabergada\/wp-json\/wp\/v2\/types\/post"}],"author":[{"embeddable":true,"href":"https:\/\/agora.xtec.cat\/esc-teresabergada\/wp-json\/wp\/v2\/users\/7"}],"replies":[{"embeddable":true,"href":"https:\/\/agora.xtec.cat\/esc-teresabergada\/wp-json\/wp\/v2\/comments?post=7253"}],"version-history":[{"count":3,"href":"https:\/\/agora.xtec.cat\/esc-teresabergada\/wp-json\/wp\/v2\/posts\/7253\/revisions"}],"predecessor-version":[{"id":7287,"href":"https:\/\/agora.xtec.cat\/esc-teresabergada\/wp-json\/wp\/v2\/posts\/7253\/revisions\/7287"}],"wp:featuredmedia":[{"embeddable":true,"href":"https:\/\/agora.xtec.cat\/esc-teresabergada\/wp-json\/wp\/v2\/media\/7258"}],"wp:attachment":[{"href":"https:\/\/agora.xtec.cat\/esc-teresabergada\/wp-json\/wp\/v2\/media?parent=7253"}],"wp:term":[{"taxonomy":"category","embeddable":true,"href":"https:\/\/agora.xtec.cat\/esc-teresabergada\/wp-json\/wp\/v2\/categories?post=7253"},{"taxonomy":"post_tag","embeddable":true,"href":"https:\/\/agora.xtec.cat\/esc-teresabergada\/wp-json\/wp\/v2\/tags?post=7253"}],"curies":[{"name":"wp","href":"https:\/\/api.w.org\/{rel}","templated":true}]}}