{"id":7138,"date":"2020-05-23T18:35:28","date_gmt":"2020-05-23T16:35:28","guid":{"rendered":"http:\/\/agora.xtec.cat\/esc-teresabergada\/?p=7138"},"modified":"2020-05-31T09:44:14","modified_gmt":"2020-05-31T07:44:14","slug":"cantem-no-ens-desdibuixeu","status":"publish","type":"post","link":"https:\/\/agora.xtec.cat\/esc-teresabergada\/general\/cantem-no-ens-desdibuixeu\/","title":{"rendered":"SETENA SETMANA &#8211; REPTE: \u201cNo ens desdibuixeu\u201d"},"content":{"rendered":"<p><strong>\u201cNO ENS DESDIBUIXEU\u201d\u00a0 \u2013 PETIT TALLER DE CAN\u00c7ONS<\/strong><\/p>\n<p>Us proposo <strong>un repte<\/strong> per continuar treballant la can\u00e7\u00f3<strong>\u201cNO ENS DESDIBUIXEU\u201d\u00a0 \u2013 PETIT TALLER DE CAN\u00c7ONS<\/strong>:Can\u00e7\u00f3 que vam comen\u00e7ar a treballar\u00a0 el darrer mes de gener,ja que l&#8217;haviem de cantar tots plegats al pati el divendres dia 5 de juny a les 11 del mat\u00ed juntament amb totes les escoles que hi participen arreu.Com que aix\u00f2 no podr\u00e0 ser cadasc\u00fa la pot cantar. all\u00e0 on es trobi en aquell moment.<\/p>\n<p>Segur que gaudireu\u00a0 molt\u00edssim de tornar-la a escoltar.<\/p>\n<p><span style=\"color: #339966;\"><strong>Farem un dibuix inspirant-nos en la lletra de la can\u00e7\u00f3, aix\u00ed que escolta-la b\u00e9 i treu tota la teva imaginaci\u00f3 i creativitat.<\/strong><\/span><\/p>\n<p>Quan tingueu fet el dibuix\u00a0 (des de els m\u00e9s petits fins als m\u00e9s grans ) l&#8217;envieu a :<\/p>\n<p><strong>\u00a0musica@escolateresabergada.cat<\/strong><\/p>\n<p>En farem un recull i els penjarem a la web de l&#8217;escola.<\/p>\n<p>&nbsp;<\/p>\n<p><iframe loading=\"lazy\" src=\"https:\/\/www.youtube.com\/embed\/S6johYGKJDc\" width=\"560\" height=\"315\" frameborder=\"0\"><\/iframe><br \/>\n<iframe loading=\"lazy\" src=\"https:\/\/www.youtube.com\/embed\/z5csyfS5B_o\" width=\"560\" height=\"315\" frameborder=\"0\"><\/iframe><\/p>\n<p>&nbsp;<\/p>\n<p>La lletra: <a href=\"https:\/\/agora.xtec.cat\/esc-teresabergada\/wp-content\/uploads\/usu1533\/2020\/05\/lletra-NO-ENS-DESDIBUIXEU.pdf\">lletra-NO-ENS-DESDIBUIXEU<\/a><\/p>\n<div class=\"lead\">\n<p align=\"justify\">La can\u00e7\u00f3 \u201cNo ens desdibuixeu\u201d \u00e9s una composici\u00f3 d\u2019\u201cEl Petit Taller de Can\u00e7ons\u201d per al CdA Pau Casals.<\/p>\n<p align=\"justify\">El missatge clar i contundent ens el fan arribar els m\u00e9s joves de la nostra societat als adults encarregats de preservar per a ells un m\u00f3n sostenible.<br \/>\nUna de les primeres manifestacions de l\u2019\u00e9sser hum\u00e0 \u00e9s dibuixar\u2026 Dibuixem per reflectir all\u00f2 que veiem o all\u00f2 que sentim i que desitgem\u2026 Els nostres somnis i esperances sovint resten molt anys esbossats en papers oblidats que vam pintar fa anys\u2026 Per primer cop, per\u00f2, el nostre m\u00f3n est\u00e0 prenent el futur dels infants diluint, de mica en mica, els dibuixos amb qu\u00e8 expressen all\u00f2 que senten per escampar-hi, nom\u00e9s, la grisor del fum i de la contaminaci\u00f3\u2026 I les joves generacions ens reclamen solucions, que puguin tornar els colors\u2026 Encara hi som a temps\u2026<\/p>\n<p align=\"justify\">\n<\/div>\n<p>Cada cop hi ha m\u00e9s evid\u00e8ncies que el canvi clim\u00e0tic \u00e9s un problema que afecta a tot el m\u00f3n i es veu la necessitat d\u2019adoptar mesures urgents per evitar els seus efectes. Cada vegada amb m\u00e9s freq\u00fc\u00e8ncia se senten veus i es q\u00fcestiona efic\u00e0cia de les accions dutes a terme fins ara. Poder minvar els efectes d\u2019aquesta crisi mediambiental dep\u00e8n de tots els habitants del planeta, ja que \u00e9s conseq\u00fc\u00e8ncia de la pr\u00f2pia activitat humana. Cal que prenguem consci\u00e8ncia del moment en qu\u00e8 ens trobem i lluitem, individualment i col\u00b7lectivament per tal d\u2019aconseguir un canvi com a poble, com a pa\u00eds, com a continent\u2026<\/p>\n<p>El proper dia <strong>5 de juny de 2020 a les 11 del mat\u00ed,<\/strong> coincidint amb el dia Mundial del Medi Ambient, us convidem a cantar aquesta can\u00e7\u00f3 a tothom all\u00e0 on sigueu : als patis, carrers,cases,balcons, places dels diferents territoris de Catalunya i arreu del m\u00f3n.<\/p>\n","protected":false},"excerpt":{"rendered":"<p>\u201cNO ENS DESDIBUIXEU\u201d\u00a0 \u2013 PETIT TALLER DE CAN\u00c7ONS<br \/>\nUs proposo un repte per continuar treballant la can\u00e7\u00f3\u201cNO ENS DESDIBUIXEU\u201d\u00a0 \u2013 PETIT TALLER DE CAN\u00c7ONS:Can\u00e7\u00f3 que vam comen\u00e7ar a treballar\u00a0 el darrer mes de gener,ja que l&#8217;haviem de cantar tots plegats al pati el divendres dia 5&hellip;  <a href=\"https:\/\/agora.xtec.cat\/esc-teresabergada\/general\/cantem-no-ens-desdibuixeu\/\" title=\"Read SETENA SETMANA &#8211; REPTE: \u201cNo ens desdibuixeu\u201d\">Llegeix m\u00e9s\u00bb<\/a><\/p>\n","protected":false},"author":1,"featured_media":5710,"comment_status":"open","ping_status":"closed","sticky":false,"template":"","format":"standard","meta":{"_bbp_topic_count":0,"_bbp_reply_count":0,"_bbp_total_topic_count":0,"_bbp_total_reply_count":0,"_bbp_voice_count":0,"_bbp_anonymous_reply_count":0,"_bbp_topic_count_hidden":0,"_bbp_reply_count_hidden":0,"_bbp_forum_subforum_count":0,"footnotes":""},"categories":[1,104],"tags":[],"class_list":["post-7138","post","type-post","status-publish","format-standard","has-post-thumbnail","hentry","category-general","category-musica"],"post_mailing_queue_ids":[],"_links":{"self":[{"href":"https:\/\/agora.xtec.cat\/esc-teresabergada\/wp-json\/wp\/v2\/posts\/7138","targetHints":{"allow":["GET"]}}],"collection":[{"href":"https:\/\/agora.xtec.cat\/esc-teresabergada\/wp-json\/wp\/v2\/posts"}],"about":[{"href":"https:\/\/agora.xtec.cat\/esc-teresabergada\/wp-json\/wp\/v2\/types\/post"}],"author":[{"embeddable":true,"href":"https:\/\/agora.xtec.cat\/esc-teresabergada\/wp-json\/wp\/v2\/users\/1"}],"replies":[{"embeddable":true,"href":"https:\/\/agora.xtec.cat\/esc-teresabergada\/wp-json\/wp\/v2\/comments?post=7138"}],"version-history":[{"count":4,"href":"https:\/\/agora.xtec.cat\/esc-teresabergada\/wp-json\/wp\/v2\/posts\/7138\/revisions"}],"predecessor-version":[{"id":7195,"href":"https:\/\/agora.xtec.cat\/esc-teresabergada\/wp-json\/wp\/v2\/posts\/7138\/revisions\/7195"}],"wp:featuredmedia":[{"embeddable":true,"href":"https:\/\/agora.xtec.cat\/esc-teresabergada\/wp-json\/wp\/v2\/media\/5710"}],"wp:attachment":[{"href":"https:\/\/agora.xtec.cat\/esc-teresabergada\/wp-json\/wp\/v2\/media?parent=7138"}],"wp:term":[{"taxonomy":"category","embeddable":true,"href":"https:\/\/agora.xtec.cat\/esc-teresabergada\/wp-json\/wp\/v2\/categories?post=7138"},{"taxonomy":"post_tag","embeddable":true,"href":"https:\/\/agora.xtec.cat\/esc-teresabergada\/wp-json\/wp\/v2\/tags?post=7138"}],"curies":[{"name":"wp","href":"https:\/\/api.w.org\/{rel}","templated":true}]}}